{"id":504660,"date":"2025-11-01T13:53:12","date_gmt":"2025-11-01T13:53:12","guid":{"rendered":"https:\/\/www.europesays.com\/fr\/504660\/"},"modified":"2025-11-01T13:53:12","modified_gmt":"2025-11-01T13:53:12","slug":"choi-hye-jin-garde-la-main-au-maybank-championship-celine-boutier-34e-lequipe","status":"publish","type":"post","link":"https:\/\/www.europesays.com\/fr\/504660\/","title":{"rendered":"Choi Hye-jin garde la main au Maybank Championship, C\u00e9line Boutier 34e &#8211; L&#039;\u00c9quipe"},"content":{"rendered":"<ol>\n<li><a href=\"https:\/\/news.google.com\/rss\/articles\/CBMitwFBVV95cUxQQXgyeEZxbzZNci1jVldZNEt5eXFhcXUtSXNGSTVmeURGLWNVaThPT01xSUNsSnRoM1d4ZDVhSEdFSF9qc200UEZ0a3JVaENvMk1XSDBNY2R3WlZpTDJLRW1aOGhBbGlHb2ZWOWM2ZVFaQTdBQVNPczhrUFdmVl9VeXFDZXc0aU5ab0RaYi1DSUlGWnFyOThsa1RQdTAxN1hYaGJFVjZ4OGJiQVF0MFNvaklBY2V4RGs?oc=5\" target=\"_blank\" rel=\"nofollow noopener\">Choi Hye-jin garde la main au Maybank Championship, C\u00e9line Boutier 34e<\/a>&nbsp;&nbsp;L&rsquo;\u00c9quipe<\/li>\n<li><a href=\"https:\/\/news.google.com\/rss\/articles\/CBMikwFBVV95cUxOc2RXdjNIT1hEcEhwNzh6TElyWHVZQVJhcWIxU19QdHBTNUZhdERKYWVkLXdSN2NkckRhdHVPRHpncEhnSHFtNjUwcVFsTGNSdVFtN21GTkZzTWxDclo3QlBEZldVWGpXOFJ4WDNYdU5FZTk0QlVvdEFWOHhia2podTNabkJOYUVzUGtHWGZrZkxCZnc?oc=5\" target=\"_blank\" rel=\"nofollow noopener\">Golf professionnel : Boutier se rapproche<\/a>&nbsp;&nbsp;F\u00e9d\u00e9ration fran\u00e7aise de golf (ffgolf)<\/li>\n<li><a href=\"https:\/\/news.google.com\/rss\/articles\/CBMi7wFBVV95cUxOdjFMYlh6eUp3S3dZV0NZMWJIaFpqNVJpb3M4cTFLM0piZjZOcDdGQ3BtZlF5ZkhJc3RqTktveEhGeHJlRi1sZ3FnTk1DZDZJTk9qdjVSQU1KWmJVTG16MXBJSGM1U3EyNXdfR29uTG5SWXd1QmJmX1VlaGRUc19kSGw0ZGkzZW0tSHppUlFRYzBhMzREQnRvVXRNdlUxMjd0WUh2ME4wNGRHQ21GaGpINmNJbkJfSDJfeHBENkNqUVNaTUdFZFMzQ2hQc3JyOFIzYXB3MVZtTmxoZWlBMFZCX1ZuWXdMWDV4N1BJczZjWQ?oc=5\" target=\"_blank\" rel=\"nofollow noopener\">LPGA &#8211; Manon De Roey descend \u00e0 la 52e place apr\u00e8s le troisi\u00e8me tour en Malaisie<\/a>&nbsp;&nbsp;La Libre.be<\/li>\n<li><a href=\"https:\/\/news.google.com\/rss\/articles\/CBMi0AFBVV95cUxOSkZYV0RIaTlBeGFoSzR4REpkM0lmX0VaVmFpZVlSbV9lS0VYSEZ3ZHhNakcyRTd2RXFEUTZRQmlJTFNSMjBUX3VFa0p0Y0RCYUdJNDBDVzFhVEJvYldiQVBaVlNCX1BvMG5KVWVneVdvZTZrbDc1WkhrQ0pjMXlVUGJUOUV6b1JTTGNyNWptemNGVTJEZlpxMXRsdGdPNHUxbEU3UnJnMHg3Si02Vy1VMXZTX3A2UFVSeHNZUTVtbEttM0tOUFhOX2lYa2RZNEgw?oc=5\" target=\"_blank\" rel=\"nofollow noopener\">La Sud-Cor\u00e9enne Choi Hye-jin m\u00e8ne en Malaisie; Henderson est \u00e0 6 coups<\/a>&nbsp;&nbsp;MSN<\/li>\n<li><a href=\"https:\/\/news.google.com\/rss\/articles\/CBMirgFBVV95cUxNVDNPaFlnbnVzS2g1U1Vxb1d5S01vUlpfWnphR2pNOWQtaG9NZXU2MTZlRHJvSmd1WlJEd1c1MHZTM09ESjZSczRPN0tLN3JNU25Na3lFanl0dFBnTXc2NHh1ZDFOcWVURVdQdGhYbmpPWGw5d1J6dlNGVHhIWEZsRjMwYjByLXp3bTA4QTZFUU5mT3ZJMzdUVjE4TG9fMGszMlJPRnloTVdGZXZNelE?oc=5\" target=\"_blank\" rel=\"nofollow noopener\">Hye-Jin Choi se rapproche du titre, C\u00e9line Boutier rentre dans le rang<\/a>&nbsp;&nbsp;Golf Plan\u00e8te<\/li>\n<\/ol>\n","protected":false},"excerpt":{"rendered":"Choi Hye-jin garde la main au Maybank Championship, C\u00e9line Boutier 34e&nbsp;&nbsp;L&rsquo;\u00c9quipe Golf professionnel : Boutier se rapproche&nbsp;&nbsp;F\u00e9d\u00e9ration fran\u00e7aise&hellip;\n","protected":false},"author":2,"featured_media":504661,"comment_status":"","ping_status":"","sticky":false,"template":"","format":"standard","meta":{"footnotes":""},"categories":[1418],"tags":[1011,27,1472,60],"class_list":{"0":"post-504660","1":"post","2":"type-post","3":"status-publish","4":"format-standard","5":"has-post-thumbnail","7":"category-golf","8":"tag-fr","9":"tag-france","10":"tag-golf","11":"tag-sports"},"share_on_mastodon":{"url":"https:\/\/pubeurope.com\/@fr\/115474779683253451","error":""},"_links":{"self":[{"href":"https:\/\/www.europesays.com\/fr\/wp-json\/wp\/v2\/posts\/504660","targetHints":{"allow":["GET"]}}],"collection":[{"href":"https:\/\/www.europesays.com\/fr\/wp-json\/wp\/v2\/posts"}],"about":[{"href":"https:\/\/www.europesays.com\/fr\/wp-json\/wp\/v2\/types\/post"}],"author":[{"embeddable":true,"href":"https:\/\/www.europesays.com\/fr\/wp-json\/wp\/v2\/users\/2"}],"replies":[{"embeddable":true,"href":"https:\/\/www.europesays.com\/fr\/wp-json\/wp\/v2\/comments?post=504660"}],"version-history":[{"count":0,"href":"https:\/\/www.europesays.com\/fr\/wp-json\/wp\/v2\/posts\/504660\/revisions"}],"wp:featuredmedia":[{"embeddable":true,"href":"https:\/\/www.europesays.com\/fr\/wp-json\/wp\/v2\/media\/504661"}],"wp:attachment":[{"href":"https:\/\/www.europesays.com\/fr\/wp-json\/wp\/v2\/media?parent=504660"}],"wp:term":[{"taxonomy":"category","embeddable":true,"href":"https:\/\/www.europesays.com\/fr\/wp-json\/wp\/v2\/categories?post=504660"},{"taxonomy":"post_tag","embeddable":true,"href":"https:\/\/www.europesays.com\/fr\/wp-json\/wp\/v2\/tags?post=504660"}],"curies":[{"name":"wp","href":"https:\/\/api.w.org\/{rel}","templated":true}]}}