{"id":504662,"date":"2025-11-01T13:54:13","date_gmt":"2025-11-01T13:54:13","guid":{"rendered":"https:\/\/www.europesays.com\/fr\/504662\/"},"modified":"2025-11-01T13:54:13","modified_gmt":"2025-11-01T13:54:13","slug":"volley-ball-lexi-ou-la-belle-vie-avec-le-volley-mulhouse-alsace","status":"publish","type":"post","link":"https:\/\/www.europesays.com\/fr\/504662\/","title":{"rendered":"Volley-ball. Lexi ou la belle vie avec le Volley Mulhouse Alsace"},"content":{"rendered":"<p>Ce sera l\u2019unique fois que l\u2019on \u00e9crit le pr\u00e9nom \u00ab\u00a0Alexandra Rose\u00a0\u00bb pour parler de la nouvelle attaquante-r\u00e9ceptionneuse du Volley Mulhouse Alsace.<\/p>\n<p>\u00ab\u00a0Je crois qu\u2019except\u00e9 de mani\u00e8re vraiment formelle, on ne m\u2019appelle plus jamais ainsi\u00a0\u00bb, lance Lexi Hadrych dans un \u00e9clat de rire. \u2018\u2018Lexi\u2019\u2019, \u00ab\u00a0comme mon fr\u00e8re a commenc\u00e9 \u00e0 m\u2019appeler quand j\u2019avais 5 ans. C\u2019est tellement plus simple\u00a0\u00bb.<\/p>\n<p>Pour la jeune femme de 25 ans arriv\u00e9e de Yorba Linda, en Californie, ce samedi 1er\u00a0 novembre sera un jour particulier. Car elle croisera la route <a href=\"https:\/\/www.lalsace.fr\/sport\/2025\/05\/15\/hadrych-debarque-au-vma\" target=\"_blank\" rel=\"noopener\">de son ancien club de Terville\/Florange<\/a>, le TFOC, avec qui elle&#8230;<\/p>\n","protected":false},"excerpt":{"rendered":"Ce sera l\u2019unique fois que l\u2019on \u00e9crit le pr\u00e9nom \u00ab\u00a0Alexandra Rose\u00a0\u00bb pour parler de la nouvelle attaquante-r\u00e9ceptionneuse du&hellip;\n","protected":false},"author":2,"featured_media":504663,"comment_status":"","ping_status":"","sticky":false,"template":"","format":"standard","meta":{"footnotes":""},"categories":[1417],"tags":[1636,107,1011,27,1634,1635,517,60,1470,1633,1632,1469],"class_list":{"0":"post-504662","1":"post","2":"type-post","3":"status-publish","4":"format-standard","5":"has-post-thumbnail","7":"category-volley","8":"tag-edition-mulhouse-thann","9":"tag-fil-info","10":"tag-fr","11":"tag-france","12":"tag-mulhouse","13":"tag-secteur-de-mulhouse","14":"tag-sport","15":"tag-sports","16":"tag-volley","17":"tag-volley-mulhouse-alsace","18":"tag-volley-ball","19":"tag-volleyball"},"share_on_mastodon":{"url":"https:\/\/pubeurope.com\/@fr\/115474783541061973","error":""},"_links":{"self":[{"href":"https:\/\/www.europesays.com\/fr\/wp-json\/wp\/v2\/posts\/504662","targetHints":{"allow":["GET"]}}],"collection":[{"href":"https:\/\/www.europesays.com\/fr\/wp-json\/wp\/v2\/posts"}],"about":[{"href":"https:\/\/www.europesays.com\/fr\/wp-json\/wp\/v2\/types\/post"}],"author":[{"embeddable":true,"href":"https:\/\/www.europesays.com\/fr\/wp-json\/wp\/v2\/users\/2"}],"replies":[{"embeddable":true,"href":"https:\/\/www.europesays.com\/fr\/wp-json\/wp\/v2\/comments?post=504662"}],"version-history":[{"count":0,"href":"https:\/\/www.europesays.com\/fr\/wp-json\/wp\/v2\/posts\/504662\/revisions"}],"wp:featuredmedia":[{"embeddable":true,"href":"https:\/\/www.europesays.com\/fr\/wp-json\/wp\/v2\/media\/504663"}],"wp:attachment":[{"href":"https:\/\/www.europesays.com\/fr\/wp-json\/wp\/v2\/media?parent=504662"}],"wp:term":[{"taxonomy":"category","embeddable":true,"href":"https:\/\/www.europesays.com\/fr\/wp-json\/wp\/v2\/categories?post=504662"},{"taxonomy":"post_tag","embeddable":true,"href":"https:\/\/www.europesays.com\/fr\/wp-json\/wp\/v2\/tags?post=504662"}],"curies":[{"name":"wp","href":"https:\/\/api.w.org\/{rel}","templated":true}]}}