{"id":504670,"date":"2025-11-01T14:01:15","date_gmt":"2025-11-01T14:01:15","guid":{"rendered":"https:\/\/www.europesays.com\/fr\/504670\/"},"modified":"2025-11-01T14:01:15","modified_gmt":"2025-11-01T14:01:15","slug":"le-groupe-du-psg-contre-nice-avec-trois-grands-retours-et-deux-absents-de-taille-goal-com","status":"publish","type":"post","link":"https:\/\/www.europesays.com\/fr\/504670\/","title":{"rendered":"Le groupe du PSG contre Nice avec trois grands retours et deux absents de taille &#8211; Goal.com"},"content":{"rendered":"<ol>\n<li><a href=\"https:\/\/news.google.com\/rss\/articles\/CBMiywFBVV95cUxOamg1ZjRqNVhpQlh0QVJjWVlSbTVvNEpBOUJpRHU4WDNCdjJhT0h6SktRMUhubXlEZ19QaEtqZ24xNXBWYllfZGc5X0NxeVRFWU1iUlp2bFZrcjhyWDVaZS1TQXhvd2FOZ3BVYm8yVFhvM0cxc1hWeDBUUmpYUmlyX2JDaFUtOU8yaFZwQXRjVmoxOEFvYXlFZUkzeVowbVI5YUpicG85YUd1cHFmeFhaS3FUYzhkaER1LVZ2SHNBUmFISVdTNnM1YU4ybw?oc=5\" target=\"_blank\" rel=\"noopener\">Le groupe du PSG contre Nice avec trois grands retours et deux absents de taille<\/a>&nbsp;&nbsp;Goal.com<\/li>\n<li><a href=\"https:\/\/news.google.com\/rss\/articles\/CBMiywFBVV95cUxQVWFaOFlPVWw1emQyc3BhUWJYWGRLM3FCR21vVmRIM25maWNoRXRMTGdIaFlGN2FXdWZnellXdmVQR1ltd01waHJYTVFJdXZRbTY5eDZCS29Pb2g4a205Y3dpNkN0OU90TjVnZnVvcHEyaXpNMjE3Y0RvNU4tZE54QWxweXMxZndCb0ZLQnJIX0tCNWhDWWxRNFJ4QW9ZOU40Q3JBaGFVd0N1cXRweU1QNW1ZNkR3MFBkQlR2dHE4NW4yQ0tRQWFSc1dqdw?oc=5\" target=\"_blank\" rel=\"noopener\">Le milieu Fabian Ruiz de retour dans le groupe du PSG pour la r\u00e9ception de Nice en Ligue 1<\/a>&nbsp;&nbsp;L&rsquo;\u00c9quipe<\/li>\n<li><a href=\"https:\/\/news.google.com\/rss\/articles\/CBMiqAFBVV95cUxPeHdhVXBLcS1waTE3VnJYVDRrbktwZlV6aWFfVnQybU43ZXdtazNzR182Mi1FclhfRnV1NUJHbmFETzh2RlI5YldHWVNfVEdRVi1xUmpxQ1kwcGJXMllXX1phbzU1SDZvREQyck9wcS1TWk9mZUlNRlY3S0JrXzJkNENJb2EwUjZrNmh5RXFuNFMzMnJFcXp1cGRBR2VIV25qY2lDelVsN0PSAacBQVVfeXFMUENBbDdrR213QjFIYnNkNHJZNW5mc1lXNnNWYnlsZWtGRl9semVoY3A3NFAxcnFnVmZQYXp0clptVUkxQWg1dDBSTE01YnlzUkdBMUtBdXVrQV9UTW5BTl9idEt5Q1ZYTTJOdUJQTnhJNGVCZVBNSGI5bGJ1U19WempDT1VRWnNUTjJqWUhvSUp6aTFWOGJYU2t1VTNlS2o1X2NMVkdSZU0?oc=5\" target=\"_blank\" rel=\"noopener\">PSG-Nice : Demb\u00e9l\u00e9 attendu rempla\u00e7ant : Sports &#8211; Orange<\/a>&nbsp;&nbsp;Sports &#8211; Orange<\/li>\n<li><a href=\"https:\/\/news.google.com\/rss\/articles\/CBMijAFBVV95cUxQdUtTMmo1UzQ4MWUzV0ZQSXNxaW5EVVIyTHpXRS1pcHdwbHZzbDNXR2FGNkhadjhEcDQ3bEFmMndkZjRGM3M1UTZ5Qk11ZDhuUVZHRk5pR05tYTdGblpQUmUwMHNlb3BJOV9YRnVlb1BIVlE0WDN3bDhzNzMxNFFGRzZJMjQ1M3hJQmtGSA?oc=5\" target=\"_blank\" rel=\"noopener\">PSG &#8211; Nice : les compositions probables<\/a>&nbsp;&nbsp;Foot Mercato<\/li>\n<li><a href=\"https:\/\/news.google.com\/rss\/articles\/CBMi_AFBVV95cUxPcUhhNUhCZWNGdUpic3VKQ0ZkY1p3Ym9vSzFWYmxIdFhLY2ZKTmdKTEwwWDRGS2xTRThPMDk1aDhPb1pzQzhwbW1UR1VlVjVJN094NFk3UGdUMDRpdHlmV3h1VHQxakNQWnl6V0sySXozWVVxdjBFUElSTEZpSDVCVl9YU1ljQjhma2VOcHc4MGI4MGQ3X2dPX0dpMkhtMlhKTkZOQVNYamdEdExhRUhKZTFmd0JhbUp1VUJPSmU3OEx5OTRFVTlWQU05Zk5jWjFsU0E4WUVIbDgtcEZBZkQ1MHhxWHFBbzhrWXhQQmMxOWJjVWtVam1ldjZrLWU?oc=5\" target=\"_blank\" rel=\"noopener\">PSG &#8211; Nice : sur quelle cha\u00eene et \u00e0 quelle heure voir le match de Ligue 1 en direct ?<\/a>&nbsp;&nbsp;Ouest-France<\/li>\n<\/ol>\n","protected":false},"excerpt":{"rendered":"Le groupe du PSG contre Nice avec trois grands retours et deux absents de taille&nbsp;&nbsp;Goal.com Le milieu Fabian&hellip;\n","protected":false},"author":2,"featured_media":504671,"comment_status":"","ping_status":"","sticky":false,"template":"","format":"standard","meta":{"footnotes":""},"categories":[1410],"tags":[16288,15791,62643,63,1011,27,19960,17510,66,2401,91,13626,56902,60],"class_list":{"0":"post-504670","1":"post","2":"type-post","3":"status-publish","4":"format-standard","5":"has-post-thumbnail","7":"category-football","8":"tag-a-hakimi","9":"tag-d-doue","10":"tag-f-ruiz","11":"tag-football","12":"tag-fr","13":"tag-france","14":"tag-i-mbaye","15":"tag-k-lee","16":"tag-ligue-1","17":"tag-nice","18":"tag-paris-saint-germain","19":"tag-paris-saint-germain-vs-nice","20":"tag-q-ndjantou","21":"tag-sports"},"share_on_mastodon":{"url":"https:\/\/pubeurope.com\/@fr\/115474811198204804","error":""},"_links":{"self":[{"href":"https:\/\/www.europesays.com\/fr\/wp-json\/wp\/v2\/posts\/504670","targetHints":{"allow":["GET"]}}],"collection":[{"href":"https:\/\/www.europesays.com\/fr\/wp-json\/wp\/v2\/posts"}],"about":[{"href":"https:\/\/www.europesays.com\/fr\/wp-json\/wp\/v2\/types\/post"}],"author":[{"embeddable":true,"href":"https:\/\/www.europesays.com\/fr\/wp-json\/wp\/v2\/users\/2"}],"replies":[{"embeddable":true,"href":"https:\/\/www.europesays.com\/fr\/wp-json\/wp\/v2\/comments?post=504670"}],"version-history":[{"count":0,"href":"https:\/\/www.europesays.com\/fr\/wp-json\/wp\/v2\/posts\/504670\/revisions"}],"wp:featuredmedia":[{"embeddable":true,"href":"https:\/\/www.europesays.com\/fr\/wp-json\/wp\/v2\/media\/504671"}],"wp:attachment":[{"href":"https:\/\/www.europesays.com\/fr\/wp-json\/wp\/v2\/media?parent=504670"}],"wp:term":[{"taxonomy":"category","embeddable":true,"href":"https:\/\/www.europesays.com\/fr\/wp-json\/wp\/v2\/categories?post=504670"},{"taxonomy":"post_tag","embeddable":true,"href":"https:\/\/www.europesays.com\/fr\/wp-json\/wp\/v2\/tags?post=504670"}],"curies":[{"name":"wp","href":"https:\/\/api.w.org\/{rel}","templated":true}]}}