{"id":504672,"date":"2025-11-01T14:02:14","date_gmt":"2025-11-01T14:02:14","guid":{"rendered":"https:\/\/www.europesays.com\/fr\/504672\/"},"modified":"2025-11-01T14:02:14","modified_gmt":"2025-11-01T14:02:14","slug":"un-voisin-discret-et-agreable-lacteur-tcheky-karyo-passait-toutes-ses-vacances-en-bretagne","status":"publish","type":"post","link":"https:\/\/www.europesays.com\/fr\/504672\/","title":{"rendered":"\u00ab\u00a0Un voisin discret et agr\u00e9able\u00a0\u00bb\u00a0: l\u2019acteur Tch\u00e9ky Karyo passait toutes ses vacances en Bretagne"},"content":{"rendered":"<p>C\u2019est avec une grande \u00e9motion que les habitants d\u2019une rue paisible de Concarneau ont appris, vendredi 31 octobre 2025, <a href=\"https:\/\/www.letelegramme.fr\/culture-loisirs\/cinema\/lacteur-francais-tcheky-karyo-est-decede-a-lage-de-72-ans-6919978.php\" target=\"_blank\" rel=\"noopener\">la disparition de Tch\u00e9ky Karyo, \u00e0 72 ans<\/a>, des suites d\u2019un cancer. En ce jour de la Toussaint, voisins et passants se souviennent d\u2019un homme \u00ab discret et agr\u00e9able \u00bb, qui venait se ressourcer en famille dans cette demeure discr\u00e8te aux tuiles orang\u00e9es, \u00e0 deux pas de la corniche et de la plage de Cornouaille.<\/p>\n<p>Dans cette rue tranquille o\u00f9 l\u2019acteur avait achet\u00e9 une maison \u00ab il y a sept ou huit ans \u00bb, les t\u00e9moignages s\u2019\u00e9changent avec pudeur. \u00ab C\u2019\u00e9tait quelqu\u2019un de sympa, avenant et ouvert \u00bb, confie un habitant habitu\u00e9 \u00e0 le croiser, avec sa compagne et leurs deux enfants. Pendant un an, ces derniers avaient \u00e9t\u00e9 scolaris\u00e9s dans la Ville bleue. \u00ab Ici, il avait une vie normale comme vous et moi\u2026 Je l\u2019ai vu cet \u00e9t\u00e9, c\u2019\u00e9tait la derni\u00e8re fois que je le croisais. \u00bb<\/p>\n<blockquote><p>Ici, il avait une vie normale comme vous et moi\u2026 Je l\u2019ai vu cet \u00e9t\u00e9, c\u2019\u00e9tait la derni\u00e8re fois que je le croisais.<\/p><\/blockquote>\n<p>Un couple de voisins l\u2019\u00e9voque simplement par son pr\u00e9nom : \u00ab Tch\u00e9ky \u00bb. \u00ab Un homme tr\u00e8s discret \u00bb, r\u00e9sume-t-on. Sur la plage de Cornouaille, une promeneuse se souvient de ses \u00e9changes furtifs, un sourire, un bonjour : \u00ab C\u2019\u00e9tait quelqu\u2019un de tr\u00e8s sympathique, j\u2019aimais bien le personnage \u00bb, dit-elle. \u00ab On le rencontrait souvent pendant les vacances \u00bb. En 2023, il avait profit\u00e9 d\u2019un s\u00e9jour pour <a href=\"https:\/\/www.letelegramme.fr\/finistere\/concarneau-29900\/a-concarneau-la-poesie-cinematographique-de-tcheky-karyo-emporte-le-public-du-cac-4062490.php\" title=\"www.letelegramme.fr\" target=\"_blank\" rel=\"noopener\">donner un concert<\/a> dans sa nouvelle ville avec son groupe Les Bienveillants.<\/p>\n<p><img decoding=\"async\" src=\"https:\/\/www.europesays.com\/fr\/wp-content\/uploads\/2025\/11\/69060071646013d6050e5810.1.jpeg\" width=\"480\" height=\"300\" class=\"web_golden_m\" loading=\"lazy\" alt=\"Tch\u00e9ky Karyo sur la corniche de Concarneau en mars\u00a02023.\"\/>Tch\u00e9ky Karyo sur la corniche de Concarneau en mars\u00a02023. (Photo archives Le T\u00e9l\u00e9gramme\/Benjamin Billot)\u00ab Une \u00e9vidence avec Concarneau \u00bb<\/p>\n<p>Ce samedi 1er novembre, cette maison de vacances, aux volets d\u00e9sormais clos, conserve l\u2019empreinte de retours de plage, de balades familiales o\u00f9 l\u2019acteur se ressour\u00e7ait loin des plateaux. En 2023, Tch\u00e9ky Karyo nous confiait <a href=\"https:\/\/www.letelegramme.fr\/finistere\/concarneau-29900\/tcheky-karyo-en-concert-a-concarneau-je-me-sens-accueilli-adoube-par-la-bretagne-et-les-bretons-4061398.php\" target=\"_blank\" rel=\"noopener\">ce lien intime avec le Finist\u00e8re<\/a>. La Bretagne, il l\u2019avait adopt\u00e9e : \u00ab Ma compagne, Val\u00e9rie K\u00e9ruzor\u00e9 est la fille de <a href=\"https:\/\/www.letelegramme.fr\/sports\/football\/football-raymond-keruzore-etre-pas-loin-de-hinault-cest-flatteur-3869935.php\" target=\"_blank\" rel=\"noopener\">Raymond K\u00e9ruzor\u00e9, le grand footballeur<\/a>, qui est originaire du Finist\u00e8re Sud. Il est venu s\u2019installer \u00e0 Concarneau avec sa femme, ils ont de la famille ici depuis tr\u00e8s longtemps. Nous, on a commenc\u00e9 \u00e0 venir les voir d\u00e8s qu\u2019on avait un moment. Et puis j\u2019ai fini par acheter une maison ici. \u00c7a s\u2019est fait comme \u00e7a, il y a eu comme une \u00e9vidence avec Concarneau. Ce n\u2019est pas notre maison principale, mais on y est d\u00e8s qu\u2019il y a des vacances avec les enfants. \u00c7a peut tr\u00e8s facilement devenir une maison o\u00f9 on habite tout le temps. Je me sens accueilli, adoub\u00e9, par la Bretagne et les Bretons. \u00bb<\/p>\n<p>Tr\u00e8s attach\u00e9 \u00e0 la Bretagne<\/p>\n<p>Tch\u00e9ky Karyo \u00e9tait tr\u00e8s attach\u00e9 \u00e0 la Bretagne, terre des racines de sa compagne. Com\u00e9dienne de th\u00e9\u00e2tre, Val\u00e9rie K\u00e9ruzor\u00e9 a interpr\u00e9t\u00e9 de nombreux r\u00f4les au th\u00e9\u00e2tre, \u00e0 la t\u00e9l\u00e9vision (\u00ab Fais pas ci, fais pas \u00e7a \u00bb, \u00ab Julie Lescaut \u00bb, \u00ab Diane femme flic \u00bb\u2026) et au cin\u00e9ma. Le grand public la conna\u00eet surtout pour son r\u00f4le de Nessa dans la s\u00e9rie \u00ab Kaamelott \u00bb. En octobre 2021, l\u2019acteur Tch\u00e9ky Karyo \u00e9tait pr\u00e9sent \u00e0 ses c\u00f4t\u00e9s \u00e0 Carhaix (29), lors d\u2019un hommage rendu \u00e0 son p\u00e8re, le footballeur Raymond Keruzor\u00e9. Sa statue \u00e9tait alors entr\u00e9e <a href=\"https:\/\/www.letelegramme.fr\/finistere\/carhaix-29270\/keruzore-est-entre-au-pantheon-des-plus-populaires-des-bretons-a-carhaix-3870557.php\" title=\"www.letelegramme.fr\" target=\"_blank\" rel=\"noopener\">au \u00ab Panth\u00e9on \u00bb des plus populaires des Bretons<\/a>. C\u2019est dans cette r\u00e9gion qu\u2019il affectionnait particuli\u00e8rement que l\u2019acteur s\u2019est \u00e9teint vendredi soir.<\/p>\n","protected":false},"excerpt":{"rendered":"C\u2019est avec une grande \u00e9motion que les habitants d\u2019une rue paisible de Concarneau ont appris, vendredi 31 octobre&hellip;\n","protected":false},"author":2,"featured_media":504673,"comment_status":"","ping_status":"","sticky":false,"template":"","format":"standard","meta":{"footnotes":""},"categories":[1359],"tags":[11,829,650,3322,251,872,58,765,59,3321,1011,27,973],"class_list":{"0":"post-504672","1":"post","2":"type-post","3":"status-publish","4":"format-standard","5":"has-post-thumbnail","7":"category-people","8":"tag-actualites","9":"tag-bretagne","10":"tag-cinema","11":"tag-concarneau","12":"tag-culture","13":"tag-culture-et-loisirs","14":"tag-divertissement","15":"tag-en-continu","16":"tag-entertainment","17":"tag-finistere","18":"tag-fr","19":"tag-france","20":"tag-people"},"share_on_mastodon":{"url":"https:\/\/pubeurope.com\/@fr\/115474815645547137","error":""},"_links":{"self":[{"href":"https:\/\/www.europesays.com\/fr\/wp-json\/wp\/v2\/posts\/504672","targetHints":{"allow":["GET"]}}],"collection":[{"href":"https:\/\/www.europesays.com\/fr\/wp-json\/wp\/v2\/posts"}],"about":[{"href":"https:\/\/www.europesays.com\/fr\/wp-json\/wp\/v2\/types\/post"}],"author":[{"embeddable":true,"href":"https:\/\/www.europesays.com\/fr\/wp-json\/wp\/v2\/users\/2"}],"replies":[{"embeddable":true,"href":"https:\/\/www.europesays.com\/fr\/wp-json\/wp\/v2\/comments?post=504672"}],"version-history":[{"count":0,"href":"https:\/\/www.europesays.com\/fr\/wp-json\/wp\/v2\/posts\/504672\/revisions"}],"wp:featuredmedia":[{"embeddable":true,"href":"https:\/\/www.europesays.com\/fr\/wp-json\/wp\/v2\/media\/504673"}],"wp:attachment":[{"href":"https:\/\/www.europesays.com\/fr\/wp-json\/wp\/v2\/media?parent=504672"}],"wp:term":[{"taxonomy":"category","embeddable":true,"href":"https:\/\/www.europesays.com\/fr\/wp-json\/wp\/v2\/categories?post=504672"},{"taxonomy":"post_tag","embeddable":true,"href":"https:\/\/www.europesays.com\/fr\/wp-json\/wp\/v2\/tags?post=504672"}],"curies":[{"name":"wp","href":"https:\/\/api.w.org\/{rel}","templated":true}]}}