{"id":504674,"date":"2025-11-01T14:03:16","date_gmt":"2025-11-01T14:03:16","guid":{"rendered":"https:\/\/www.europesays.com\/fr\/504674\/"},"modified":"2025-11-01T14:03:16","modified_gmt":"2025-11-01T14:03:16","slug":"jura-loeil-de-notre-photographe-vitesse-de-croisiere-par-philippe-trias-le-progres","status":"publish","type":"post","link":"https:\/\/www.europesays.com\/fr\/504674\/","title":{"rendered":"Jura. L\u2019\u0153il de notre photographe : \u201cVitesse de croisi\u00e8re\u201d, par Philippe Trias &#8211; Le Progr\u00e8s"},"content":{"rendered":"<ol>\n<li><a href=\"https:\/\/news.google.com\/rss\/articles\/CBMiuwFBVV95cUxNcFpQWWlCVHlCdTR5VTJ1WFNVRzRLYzZwMnoxWFYxRmxEUzdEQWNxRXpUMVJXQ1kwUmtSMGJfNUpTdkR1NnZ3TUppWmlueFdnVE9BUG5UMWVKS2ExWDk1WldvQkFzbHVDT3p5Q09sanBRWEo0TDZxdmkzLXdoUjZIMlR3Mkg3bEt1UmpPT3VEOURlc0hFR2h1UWVnTjcwOUJmLWhDa296ZFJzU3h0aHZMWW5XYWU2ODhubm5Z?oc=5\" target=\"_blank\" rel=\"noopener\">Jura. L\u2019\u0153il de notre photographe : \u201cVitesse de croisi\u00e8re\u201d, par Philippe Trias<\/a>&nbsp;&nbsp;Le Progr\u00e8s<\/li>\n<li><a href=\"https:\/\/news.google.com\/rss\/articles\/CBMilwFBVV95cUxOR24tYnhwWmU3WGxFZ2lCcjZERWdkR3FEQ2lfUWc4YkhXQ2d0QXlvaDBkYmh0SEwtaTJiSjlSSHN6YzhLLTFVczc0YzZGNWt5VFNrRFpfb3hoOTcwRzVtZmpUUHVpdHpuVUdzUEl4WWlnOVBrYTZvQ1dqSUdKNXZUbm0tVWl1ektYdkF2ZFJXUG9kQWFNY05r?oc=5\" target=\"_blank\" rel=\"noopener\">Fin de man\u0153uvre pour Centaurex 2025 dans le Jura<\/a>&nbsp;&nbsp;Plein Air<\/li>\n<li><a href=\"https:\/\/news.google.com\/rss\/articles\/CBMivwFBVV95cUxQNDFMLWdiUnJlTnFya1NlMTdOS19PbGFHWlZfQV9KSzI0Yk1lSUtSMmY1NDQtNXNoSmJfVmF3SDE2SzRnR0FEeFVhdGVWQ2hKaXpLa1hMTkU4ZlE3dXpwYnhLYVhKMVRnZWRGSkU0SEFQRlJoZ0VuclUwbUU2RjQtOTBCRHp6Sjg1ZlJDcVVfWUFPWTFfU1ZGby13N0Nibk12MkxIaG1hT1JzbDlvdGVicmRTcENtRjZ6Mm9WcG4yZw?oc=5\" target=\"_blank\" rel=\"noopener\">Centaurex 2025 : un sc\u00e9nario fictif, mais un risque bien r\u00e9el<\/a>&nbsp;&nbsp;L&rsquo;Est R\u00e9publicain<\/li>\n<li><a href=\"https:\/\/news.google.com\/rss\/articles\/CBMivgFBVV95cUxOaHpuak1Dd0ZXdXlsS3AyQXJPQTBrdkZxXzBPSWFuMjQtVElDZU42UG9tblFkenFnS1d0WEM5ZW95NWd3WDNCZVY0cVMzeXU2N2VqcXY4WFJTM3QyZ3RxRjcweXlxOVZ5QS1vdDZDNGd6TnM0RE85dF9jVGgyZWpyQW5jdFppSmMtUGxqOEY5NWVzV0Q3STREdlJZSWJnUzJoQnllOVZMaF9ZRzN6WVJJR084eERRQm1pWW5XVW9n?oc=5\" target=\"_blank\" rel=\"noopener\">L\u2019op\u00e9ration Centaurex 2025 s\u2019est cl\u00f4tur\u00e9e ce matin au Monument aux morts\u2026<\/a>&nbsp;&nbsp;lonslesaunier.fr<\/li>\n<li><a href=\"https:\/\/news.google.com\/rss\/articles\/CBMiwgFBVV95cUxOc0RNdnp0Y1dkUW5UcDJYdnF3LWNIdzJiQmM5c250VGdXX1dsQ2JWTVBia0FEQ3ZKOW1sck9mUk9qUms1QnVuY3YzTUpwd3ZaSS1BNGEyRXJ2a0UzaHhqNjNQVkJzU29wcWR3cUtCamFtYV9yOFV6aXltelB1dGJoSXRmb01Scks4LVFCX1F2UUl5TUhMdFZ5eUUzeWlhS05RLUgxN1FBMkNRWE1ZMzJBZm5fVDJEc0ZLZHhWSGlKQVdEUQ?oc=5\" target=\"_blank\" rel=\"noopener\">Pourquoi 250 militaires arm\u00e9s seront-ils d\u00e9ploy\u00e9s dans le Jura pendant plusieurs jours ?<\/a>&nbsp;&nbsp;Actu.fr<\/li>\n<\/ol>\n","protected":false},"excerpt":{"rendered":"Jura. L\u2019\u0153il de notre photographe : \u201cVitesse de croisi\u00e8re\u201d, par Philippe Trias&nbsp;&nbsp;Le Progr\u00e8s Fin de man\u0153uvre pour Centaurex&hellip;\n","protected":false},"author":2,"featured_media":504675,"comment_status":"","ping_status":"","sticky":false,"template":"","format":"standard","meta":{"footnotes":""},"categories":[1358],"tags":[1348,1384,1385,1687,1386,58,2274,59,1011,27,1826,62644,2273],"class_list":{"0":"post-504674","1":"post","2":"type-post","3":"status-publish","4":"format-standard","5":"has-post-thumbnail","7":"category-arts-et-design","8":"tag-arts","9":"tag-arts-and-design","10":"tag-arts-et-design","11":"tag-culture-loisirs","12":"tag-design","13":"tag-divertissement","14":"tag-edition-jura-sud","15":"tag-entertainment","16":"tag-fr","17":"tag-france","18":"tag-jura","19":"tag-lect","20":"tag-saint-claude-bassin"},"share_on_mastodon":{"url":"https:\/\/pubeurope.com\/@fr\/115474818853943537","error":""},"_links":{"self":[{"href":"https:\/\/www.europesays.com\/fr\/wp-json\/wp\/v2\/posts\/504674","targetHints":{"allow":["GET"]}}],"collection":[{"href":"https:\/\/www.europesays.com\/fr\/wp-json\/wp\/v2\/posts"}],"about":[{"href":"https:\/\/www.europesays.com\/fr\/wp-json\/wp\/v2\/types\/post"}],"author":[{"embeddable":true,"href":"https:\/\/www.europesays.com\/fr\/wp-json\/wp\/v2\/users\/2"}],"replies":[{"embeddable":true,"href":"https:\/\/www.europesays.com\/fr\/wp-json\/wp\/v2\/comments?post=504674"}],"version-history":[{"count":0,"href":"https:\/\/www.europesays.com\/fr\/wp-json\/wp\/v2\/posts\/504674\/revisions"}],"wp:featuredmedia":[{"embeddable":true,"href":"https:\/\/www.europesays.com\/fr\/wp-json\/wp\/v2\/media\/504675"}],"wp:attachment":[{"href":"https:\/\/www.europesays.com\/fr\/wp-json\/wp\/v2\/media?parent=504674"}],"wp:term":[{"taxonomy":"category","embeddable":true,"href":"https:\/\/www.europesays.com\/fr\/wp-json\/wp\/v2\/categories?post=504674"},{"taxonomy":"post_tag","embeddable":true,"href":"https:\/\/www.europesays.com\/fr\/wp-json\/wp\/v2\/tags?post=504674"}],"curies":[{"name":"wp","href":"https:\/\/api.w.org\/{rel}","templated":true}]}}