{"id":504678,"date":"2025-11-01T14:06:11","date_gmt":"2025-11-01T14:06:11","guid":{"rendered":"https:\/\/www.europesays.com\/fr\/504678\/"},"modified":"2025-11-01T14:06:11","modified_gmt":"2025-11-01T14:06:11","slug":"comment-p-diddy-pourrait-sortir-de-prison-avant-sa-date-de-sortie-estimee-au-8-mai-2028","status":"publish","type":"post","link":"https:\/\/www.europesays.com\/fr\/504678\/","title":{"rendered":"Comment P. Diddy pourrait sortir de prison avant sa date de sortie estim\u00e9e au 8\u00a0mai 2028"},"content":{"rendered":"<p>On sait d\u00e9sormais quand Sean \u00ab\u00a0Diddy\u00a0\u00bb Combs sortira de prison. Le rappeur a \u00e9t\u00e9 condamn\u00e9 au d\u00e9but du mois d\u2019octobre <a href=\"https:\/\/www.20minutes.fr\/monde\/etats-unis\/4177103-20251003-proces-p-diddy-rappeur-americain-condamne-plus-quatre-ans-prison\" target=\"_blank\" class=\"c-link c-link--is-underlined\" rel=\"noopener\">\u00e0 quatre ans et deux mois de prison<\/a> au terme d\u2019un proc\u00e8s tr\u00e8s m\u00e9diatis\u00e9 sur une affaire de violences sexuelles.<\/p>\n<p>P.\u00a0Diddy, qui a d\u00e9j\u00e0 effectu\u00e9 plus d\u2019un an d\u2019emprisonnement depuis son arrestation en septembre\u00a02024, a \u00e9t\u00e9 reconnu coupable de charges relatives \u00e0 des faits de transport en vue de la prostitution. Il <a href=\"https:\/\/www.20minutes.fr\/monde\/4181922-20251028-proces-p-diddy-ex-star-hip-hop-pourra-sortir-prison-mai-2028\" target=\"_blank\" class=\"c-link c-link--is-underlined\" rel=\"noopener\">devrait sortir le 8\u00a0mai 2028<\/a>, selon le Bureau f\u00e9d\u00e9ral des prisons, \u00e0 moins d\u2019obtenir un moyen d\u2019\u00eatre lib\u00e9r\u00e9 plus t\u00f4t. Et des moyens, il en existe quelques-uns.<\/p>\n<p>Les avocats de la star de 55 ans ont d\u00e9j\u00e0 fait appel de sa condamnation le 20\u00a0octobre dernier devant la U.S. District Court sud de New York, selon <a href=\"https:\/\/eu.usatoday.com\/story\/entertainment\/celebrities\/2025\/10\/20\/diddy-appeal-notice-conviction-prison-sentence\/86807846007\/\" rel=\"nofollow noopener\" target=\"_blank\" class=\"c-link c-link--is-underlined\">USA Today<\/a>. Dans l\u2019attente des r\u00e9sultats de cette d\u00e9marche, P.\u00a0Diddy, qui a \u00e9t\u00e9 acquitt\u00e9 des deux autres accusations plus graves de racket et de trafic sexuel lors de son proc\u00e8s, pourrait aussi sortir plus t\u00f4t en accumulant pour chaque ann\u00e9e de sa condamnation des points de \u00ab\u00a0bonne conduite\u00a0\u00bb, selon les termes du <a href=\"https:\/\/www.bop.gov\/inmates\/fsa\/overview.jsp\" rel=\"nofollow noopener\" target=\"_blank\" class=\"c-link c-link--is-underlined\">First Step Act<\/a> sign\u00e9 par Donald Trump en\u00a02018.<\/p>\n<p>Gr\u00e2ce pr\u00e9sidentielle ou pas\u00a0?<\/p>\n<p>Il reste aussi au rappeur l\u2019option de continuer \u00e0 plaider aupr\u00e8s du pr\u00e9sident des Etats-Unis pour obtenir la gr\u00e2ce pr\u00e9sidentielle. Une d\u00e9marche que le cofondateur de Bad Boy Records a d\u00e9j\u00e0 amorc\u00e9e, le chef d\u2019Etat am\u00e9ricain <a href=\"https:\/\/www.20minutes.fr\/monde\/etats-unis\/4177719-20251007-p-diddy-condamne-trump-affirme-rappeur-americain-demande-grace-presidentielle\" target=\"_blank\" class=\"c-link c-link--is-underlined\" rel=\"noopener\">r\u00e9v\u00e9lant \u00e0 CNN<\/a> le mois dernier que P. Diddy faisait partie des \u00ab\u00a0nombreuses personnes\u00a0\u00bb lui ayant demand\u00e9 cette faveur.<\/p>\n<p>\u00ab\u00a0J\u2019\u00e9tais tr\u00e8s ami avec lui, je m\u2019entendais tr\u00e8s bien avec lui et il semblait sympathique\u00a0\u00bb, a-t-il pr\u00e9cis\u00e9 aupr\u00e8s de <a href=\"https:\/\/www.youtube.com\/watch?v=6oEsAoMM7Xc\" rel=\"nofollow noopener\" target=\"_blank\" class=\"c-link c-link--is-underlined\">Newsmax<\/a>. \u00ab\u00a0Je ne le connaissais pas bien. Mais lorsque je me suis pr\u00e9sent\u00e9 aux \u00e9lections, il s\u2019est montr\u00e9 tr\u00e8s hostile.\u00a0\u00bb<\/p>\n<p>Cette option semble donc pour l\u2019instant au point mort apr\u00e8s qu\u2019un responsable de la Maison-Blanche a d\u00e9menti aupr\u00e8s de <a href=\"https:\/\/www.nbcnews.com\/news\/us-news\/sean-diddy-combs-prison-release-rcna240109\" rel=\"nofollow noopener\" target=\"_blank\" class=\"c-link c-link--is-underlined\">NBC News<\/a> une information de TMZ selon laquelle le pr\u00e9sident am\u00e9ricain \u00ab\u00a0h\u00e9sitait\u00a0\u00bb \u00e0 accorder la gr\u00e2ce \u00e0 P. Diddy. \u00ab\u00a0Il n\u2019y a aucune v\u00e9rit\u00e9 dans l\u2019article de TMZ, ce que nous aurions volontiers expliqu\u00e9 s\u2019ils nous avaient contact\u00e9s avant de publier ces fausses informations\u00a0\u00bb, est-il indiqu\u00e9. \u00ab\u00a0C\u2019est le pr\u00e9sident, et non des sources anonymes, qui d\u00e9cide en dernier ressort des gr\u00e2ces et commutations de peine.\u00a0\u00bb<\/p>\n<p>Les avocats de P. Diddy avaient aussi demand\u00e9 qu\u2019il soit transf\u00e9r\u00e9 dans un centre p\u00e9nitentiaire du New Jersey pour se rapprocher de sa famille et profiter d\u2019un programme de soins, comme l\u2019a rapport\u00e9 <a href=\"https:\/\/www.hollywoodreporter.com\/news\/general-news\/sean-diddy-combs-prison-release-date-1236410973\/\" rel=\"nofollow noopener\" target=\"_blank\" class=\"c-link c-link--is-underlined\">The Hollywood Reporter<\/a>, mais cette requ\u00eate a \u00e9t\u00e9 rejet\u00e9e <a href=\"https:\/\/www.20minutes.fr\/arts-stars\/people\/4176943-20251003-p-diddy-demande-seconde-chance-juge-doit-prononcer-peine\" target=\"_blank\" class=\"c-link c-link--is-underlined\" rel=\"noopener\">par le juge<\/a> en charge de l\u2019affaire. Ce qui est s\u00fbr, c\u2019est que l\u2019ancien producteur de musique devra suivre un contr\u00f4le judiciaire strict \u00e0 sa lib\u00e9ration, qu\u2019elle intervienne le 8\u00a0mai 2028\u2026 ou plus t\u00f4t\u00a0!<\/p>\n","protected":false},"excerpt":{"rendered":"On sait d\u00e9sormais quand Sean \u00ab\u00a0Diddy\u00a0\u00bb Combs sortira de prison. Le rappeur a \u00e9t\u00e9 condamn\u00e9 au d\u00e9but du&hellip;\n","protected":false},"author":2,"featured_media":504679,"comment_status":"","ping_status":"","sticky":false,"template":"","format":"standard","meta":{"footnotes":""},"categories":[1355],"tags":[58,75,59,1011,27,78,1361,873,16997,973,806,133],"class_list":{"0":"post-504678","1":"post","2":"type-post","3":"status-publish","4":"format-standard","5":"has-post-thumbnail","7":"category-musique","8":"tag-divertissement","9":"tag-donald-trump","10":"tag-entertainment","11":"tag-fr","12":"tag-france","13":"tag-maison-blanche","14":"tag-music","15":"tag-musique","16":"tag-p-diddy","17":"tag-people","18":"tag-prison","19":"tag-video"},"share_on_mastodon":{"url":"https:\/\/pubeurope.com\/@fr\/115474830742538081","error":""},"_links":{"self":[{"href":"https:\/\/www.europesays.com\/fr\/wp-json\/wp\/v2\/posts\/504678","targetHints":{"allow":["GET"]}}],"collection":[{"href":"https:\/\/www.europesays.com\/fr\/wp-json\/wp\/v2\/posts"}],"about":[{"href":"https:\/\/www.europesays.com\/fr\/wp-json\/wp\/v2\/types\/post"}],"author":[{"embeddable":true,"href":"https:\/\/www.europesays.com\/fr\/wp-json\/wp\/v2\/users\/2"}],"replies":[{"embeddable":true,"href":"https:\/\/www.europesays.com\/fr\/wp-json\/wp\/v2\/comments?post=504678"}],"version-history":[{"count":0,"href":"https:\/\/www.europesays.com\/fr\/wp-json\/wp\/v2\/posts\/504678\/revisions"}],"wp:featuredmedia":[{"embeddable":true,"href":"https:\/\/www.europesays.com\/fr\/wp-json\/wp\/v2\/media\/504679"}],"wp:attachment":[{"href":"https:\/\/www.europesays.com\/fr\/wp-json\/wp\/v2\/media?parent=504678"}],"wp:term":[{"taxonomy":"category","embeddable":true,"href":"https:\/\/www.europesays.com\/fr\/wp-json\/wp\/v2\/categories?post=504678"},{"taxonomy":"post_tag","embeddable":true,"href":"https:\/\/www.europesays.com\/fr\/wp-json\/wp\/v2\/tags?post=504678"}],"curies":[{"name":"wp","href":"https:\/\/api.w.org\/{rel}","templated":true}]}}