{"id":504708,"date":"2025-11-01T14:25:13","date_gmt":"2025-11-01T14:25:13","guid":{"rendered":"https:\/\/www.europesays.com\/fr\/504708\/"},"modified":"2025-11-01T14:25:13","modified_gmt":"2025-11-01T14:25:13","slug":"une-boutique-de-haute-parfumerie-de-niche-ouvre-pres-de-la-place-du-vieux-marche","status":"publish","type":"post","link":"https:\/\/www.europesays.com\/fr\/504708\/","title":{"rendered":"une boutique de \u00ab haute parfumerie de niche \u00bb ouvre pr\u00e8s de la place du Vieux-March\u00e9"},"content":{"rendered":"<p>            Par<br \/>\n        <strong><br \/>\n            <a href=\"https:\/\/actu.fr\/auteur\/fmass\" title=\"Consulter tous les articles de Fabien Massin\" target=\"_blank\" rel=\"noopener\">Fabien Massin<\/a><br \/>\n        <\/strong><\/p>\n<p>        Publi\u00e9 le<\/p>\n<p>            1 nov. 2025 \u00e0 12h08        <\/p>\n<p>Une nouvelle boutique de parfums ouvre ses portes vendredi 31\u00a0octobre 2025 \u00e0 <a href=\"https:\/\/actu.fr\/normandie\/rouen_76540\" target=\"_blank\" rel=\"noopener\">Rouen (Seine-Maritime)<\/a>, en plein centre-ville, <strong>rue Guillaume-le-Conqu\u00e9rant<\/strong>. Son nom\u2009: <strong>Roel Paris<\/strong>. Son positionnement\u2009: \u00ab\u2009la haute parfumerie de niche\u2009\u00bb.<\/p>\n<p>La passion des senteurs<\/p>\n<p class=\" wall-content\">Aux manettes du projet, on trouve un entrepreneur trentenaire, Moussa Cisse. Natif de Rouen, titulaire d\u2019un dipl\u00f4me en m\u00e9canique, il a d\u00e9j\u00e0 ouvert une premi\u00e8re affaire de cigarettes \u00e9lectroniques rue de la R\u00e9publique.<strong> Mais sa v\u00e9ritable passion, ce sont les parfums<\/strong>, la \u00ab\u2009d\u00e9couverte de nouvelles senteurs\u2009\u00bb et d\u00e9sormais, il a d\u00e9cid\u00e9 d\u2019en faire son projet de vie. \u00ab\u2009J\u2019aime l\u2019entrepreneuriat, prendre des risques, manager des \u00e9quipes\u2009\u00bb, souligne-t-il.<\/p>\n<p class=\" wall-content\">Le nom choisi pour l\u2019enseigne r\u00e9sume son ambition. Roel, c\u2019est un acronyme pour \u00ab<strong>\u2009R\u00eave, olfactif, \u00e9lixir, luxe)\u2009\u00bb<\/strong>. Et Paris, \u00e9videmment pour le prestige de la capitale fran\u00e7aise dans tout ce qui est luxe et parfumerie. Parmi les parfums, on trouvera dans les rayons des fragrances de marques comme <strong>Fragrance Dubois, Thoo, Musicology, \u00c9tat libre d\u2019orange, Perroy, Naxos, Bois 1920<\/strong>, etc.<\/p>\n<p class=\" wall-content\">\u00ab\u2009L\u2019id\u00e9e est de mettre en valeur des maisons ind\u00e9pendantes et de raconter l\u2019histoire qu\u2019il y a derri\u00e8re chaque parfum\u2009\u00bb, explique Moussa.<\/p>\n<p>Des coffrets offerts le jour de l\u2019ouverture<\/p>\n<p class=\" wall-content\">Pour vous en faire une id\u00e9e, le jour de l\u2019ouverture, vendredi 31\u00a0octobre 2025, <strong>des coffrets d\u00e9couverte seront offerts (entre 200 et 300)<\/strong>, comprenant quatre flacons testeurs d\u20191 millilitre.<\/p>\n<p>Vid\u00e9os : en ce moment sur Actu<\/p>\n<p>Roel Paris, 5, rue Guillaume-le-Conqu\u00e9rant \u00e0 Rouen. Ouverture vendredi 31\u00a0octobre \u00e0 partir de 14h, puis du lundi au samedi de 11h \u00e0 21h30, et le dimanche de 13h30 \u00e0 19h.<\/p>\n<p>Suivez l\u2019actualit\u00e9 de Rouen sur notre <a href=\"https:\/\/www.whatsapp.com\/channel\/0029VaKfnf99hXF2ddApFB1D\" target=\"_blank\" rel=\"noopener\">cha\u00eene WhatsApp<\/a> et sur notre <a href=\"https:\/\/www.tiktok.com\/@76actu.fr?lang=fr\" target=\"_blank\" rel=\"noopener\">compte TikTok<\/a><\/p>\n<p class=\" wall-content\">Personnalisez votre actualit\u00e9 en ajoutant vos villes et m\u00e9dias en favori avec <a href=\"https:\/\/moncompte.actu.fr\" title=\"D\u00e9couvez Mon Actu\" rel=\"nofollow noopener\" data-trk=\"{&quot;cta&quot;:{&quot;action&quot;:&quot;https:\\\/\\\/moncompte.actu.fr&quot;,&quot;category&quot;:&quot;mon compte&quot;,&quot;from&quot;:&quot;article footer&quot;,&quot;name&quot;:&quot;Mon actu&quot;,&quot;type&quot;:&quot;cta&quot;}}\" target=\"_blank\">Mon Actu<\/a>.<\/p>\n<p>                    <script async src=\"\/\/www.tiktok.com\/embed.js\"><\/script><\/p>\n","protected":false},"excerpt":{"rendered":"Par Fabien Massin Publi\u00e9 le 1 nov. 2025 \u00e0 12h08 Une nouvelle boutique de parfums ouvre ses portes&hellip;\n","protected":false},"author":2,"featured_media":504709,"comment_status":"","ping_status":"","sticky":false,"template":"","format":"standard","meta":{"footnotes":""},"categories":[9587],"tags":[1111,11,9086,1777,674,1011,27,1652,2425,12,5161,3147,25,9590],"class_list":{"0":"post-504708","1":"post","2":"type-post","3":"status-publish","4":"format-standard","5":"has-post-thumbnail","7":"category-rouen","8":"tag-actu","9":"tag-actualites","10":"tag-bon-plan-a-rouen","11":"tag-eu","12":"tag-europe","13":"tag-fr","14":"tag-france","15":"tag-loisirs-culture","16":"tag-luxe","17":"tag-news","18":"tag-normandie","19":"tag-nouveaux-commerces","20":"tag-republique-francaise","21":"tag-rouen"},"share_on_mastodon":{"url":"https:\/\/pubeurope.com\/@fr\/115474905392557849","error":""},"_links":{"self":[{"href":"https:\/\/www.europesays.com\/fr\/wp-json\/wp\/v2\/posts\/504708","targetHints":{"allow":["GET"]}}],"collection":[{"href":"https:\/\/www.europesays.com\/fr\/wp-json\/wp\/v2\/posts"}],"about":[{"href":"https:\/\/www.europesays.com\/fr\/wp-json\/wp\/v2\/types\/post"}],"author":[{"embeddable":true,"href":"https:\/\/www.europesays.com\/fr\/wp-json\/wp\/v2\/users\/2"}],"replies":[{"embeddable":true,"href":"https:\/\/www.europesays.com\/fr\/wp-json\/wp\/v2\/comments?post=504708"}],"version-history":[{"count":0,"href":"https:\/\/www.europesays.com\/fr\/wp-json\/wp\/v2\/posts\/504708\/revisions"}],"wp:featuredmedia":[{"embeddable":true,"href":"https:\/\/www.europesays.com\/fr\/wp-json\/wp\/v2\/media\/504709"}],"wp:attachment":[{"href":"https:\/\/www.europesays.com\/fr\/wp-json\/wp\/v2\/media?parent=504708"}],"wp:term":[{"taxonomy":"category","embeddable":true,"href":"https:\/\/www.europesays.com\/fr\/wp-json\/wp\/v2\/categories?post=504708"},{"taxonomy":"post_tag","embeddable":true,"href":"https:\/\/www.europesays.com\/fr\/wp-json\/wp\/v2\/tags?post=504708"}],"curies":[{"name":"wp","href":"https:\/\/api.w.org\/{rel}","templated":true}]}}