{"id":504712,"date":"2025-11-01T14:30:20","date_gmt":"2025-11-01T14:30:20","guid":{"rendered":"https:\/\/www.europesays.com\/fr\/504712\/"},"modified":"2025-11-01T14:30:20","modified_gmt":"2025-11-01T14:30:20","slug":"grave-accident-sur-la-4-voies-rennes-angers-un-helicoptere-mobilise","status":"publish","type":"post","link":"https:\/\/www.europesays.com\/fr\/504712\/","title":{"rendered":"grave accident sur la 4 voies Rennes-Angers, un h\u00e9licopt\u00e8re mobilis\u00e9"},"content":{"rendered":"<p>            Par<br \/>\n        <strong><br \/>\n            <a href=\"https:\/\/actu.fr\/auteur\/leo-gautret-actu-fr\" title=\"Consulter tous les articles de L\u00e9o Gautret\" rel=\"nofollow noopener\" target=\"_blank\">L\u00e9o Gautret<\/a><br \/>\n        <\/strong><\/p>\n<p>        Publi\u00e9 le<\/p>\n<p>            1 nov. 2025 \u00e0 14h59        <\/p>\n<p>Un <b>grave accident <\/b>de la circulation s\u2019est produit <b>vers 14\u2009h, <\/b>ce <b>samedi 1er\u00a0novembre <\/b>2025, sur la <b>quatre voies Rennes-Angers,<\/b> entre <b>Retiers<\/b> (Ille-et-Vilaine) et Le Theil-de-Bretagne, en direction de Rennes.<\/p>\n<p class=\" wall-content\">Selon nos informations, un <b>h\u00e9licopt\u00e8re du Samu<\/b> a \u00e9t\u00e9 mobilis\u00e9 sur place pour prendre en charge une ou plusieurs victimes.<\/p>\n<p>Un deux-roues impliqu\u00e9<\/p>\n<p class=\" wall-content\">D\u2019apr\u00e8s les t\u00e9moignages d\u2019automobilistes, <b>un deux-roues serait impliqu\u00e9 <\/b>dans l\u2019accident.<\/p>\n<p class=\" wall-content\"><b>L\u2019intervention<\/b> des secours \u00e9tait toujours <b>en cours vers 14\u2009h\u200930<\/b>. La circulation \u00e9tait perturb\u00e9e \u00e0 l\u2019approche du lieu de l\u2019accident.<\/p>\n<p class=\" wall-content\">Personnalisez votre actualit\u00e9 en ajoutant vos villes et m\u00e9dias en favori avec <a href=\"https:\/\/moncompte.actu.fr\" title=\"D\u00e9couvez Mon Actu\" rel=\"nofollow noopener\" data-trk=\"{&quot;cta&quot;:{&quot;action&quot;:&quot;https:\\\/\\\/moncompte.actu.fr&quot;,&quot;category&quot;:&quot;mon compte&quot;,&quot;from&quot;:&quot;article footer&quot;,&quot;name&quot;:&quot;Mon actu&quot;,&quot;type&quot;:&quot;cta&quot;}}\" target=\"_blank\">Mon Actu<\/a>.<\/p>\n","protected":false},"excerpt":{"rendered":"Par L\u00e9o Gautret Publi\u00e9 le 1 nov. 2025 \u00e0 14h59 Un grave accident de la circulation s\u2019est produit&hellip;\n","protected":false},"author":2,"featured_media":504713,"comment_status":"","ping_status":"","sticky":false,"template":"","format":"standard","meta":{"footnotes":""},"categories":[2821],"tags":[119,1111,11,829,1777,674,118,1011,27,12,584,25],"class_list":{"0":"post-504712","1":"post","2":"type-post","3":"status-publish","4":"format-standard","5":"has-post-thumbnail","7":"category-rennes","8":"tag-accident","9":"tag-actu","10":"tag-actualites","11":"tag-bretagne","12":"tag-eu","13":"tag-europe","14":"tag-faits-divers","15":"tag-fr","16":"tag-france","17":"tag-news","18":"tag-rennes","19":"tag-republique-francaise"},"share_on_mastodon":{"url":"https:\/\/pubeurope.com\/@fr\/115474925051904914","error":""},"_links":{"self":[{"href":"https:\/\/www.europesays.com\/fr\/wp-json\/wp\/v2\/posts\/504712","targetHints":{"allow":["GET"]}}],"collection":[{"href":"https:\/\/www.europesays.com\/fr\/wp-json\/wp\/v2\/posts"}],"about":[{"href":"https:\/\/www.europesays.com\/fr\/wp-json\/wp\/v2\/types\/post"}],"author":[{"embeddable":true,"href":"https:\/\/www.europesays.com\/fr\/wp-json\/wp\/v2\/users\/2"}],"replies":[{"embeddable":true,"href":"https:\/\/www.europesays.com\/fr\/wp-json\/wp\/v2\/comments?post=504712"}],"version-history":[{"count":0,"href":"https:\/\/www.europesays.com\/fr\/wp-json\/wp\/v2\/posts\/504712\/revisions"}],"wp:featuredmedia":[{"embeddable":true,"href":"https:\/\/www.europesays.com\/fr\/wp-json\/wp\/v2\/media\/504713"}],"wp:attachment":[{"href":"https:\/\/www.europesays.com\/fr\/wp-json\/wp\/v2\/media?parent=504712"}],"wp:term":[{"taxonomy":"category","embeddable":true,"href":"https:\/\/www.europesays.com\/fr\/wp-json\/wp\/v2\/categories?post=504712"},{"taxonomy":"post_tag","embeddable":true,"href":"https:\/\/www.europesays.com\/fr\/wp-json\/wp\/v2\/tags?post=504712"}],"curies":[{"name":"wp","href":"https:\/\/api.w.org\/{rel}","templated":true}]}}