{"id":504714,"date":"2025-11-01T14:32:28","date_gmt":"2025-11-01T14:32:28","guid":{"rendered":"https:\/\/www.europesays.com\/fr\/504714\/"},"modified":"2025-11-01T14:32:28","modified_gmt":"2025-11-01T14:32:28","slug":"incendie-dun-immeuble-a-rennes-les-heros-temoignent-journal-de-13-heures","status":"publish","type":"post","link":"https:\/\/www.europesays.com\/fr\/504714\/","title":{"rendered":"Incendie d&rsquo;un immeuble \u00e0 Rennes : les h\u00e9ros t\u00e9moignent &#8211; Journal de 13 heures"},"content":{"rendered":"<p id=\"descriptionPanel\" class=\"text-secondary mr-2 line-clamp-2 pr-2.5 overflow-visible\">\u00c0 Rennes, deux \u00e9tudiants ont fait preuve d&rsquo;h\u00e9ro\u00efsme. Vendredi matin, peu apr\u00e8s cinq heures, Louise et Rapha\u00ebl rentraient d&rsquo;une soir\u00e9e quand ils ont aper\u00e7u des flammes qui cr\u00e9pitaient au dernier \u00e9tage d&rsquo;un immeuble. Les deux amis ont r\u00e9agi tr\u00e8s vite. Sans se poser de question, ils n&rsquo;ont pas h\u00e9sit\u00e9 \u00e0 entrer et \u00e0 faire du porte-\u00e0-porte pour r\u00e9veiller les habitants. Ils ont couru \u00e0 tous les \u00e9tages dans l&rsquo;objectif d&rsquo;\u00e9vacuer tout le monde. Gr\u00e2ce \u00e0 eux, l&rsquo;incendie a pu \u00eatre arr\u00eat\u00e9 par les pompiers.<\/p>\n<p>TF1 | Reportage M. MONNIER, S. DOUCER\u00c9, C. HASH\u00c9MI<\/p>\n<p>Afficher la version longue du r\u00e9sum\u00e9<a class=\"shrink-0\" href=\"https:\/\/www.tf1.fr\/tf1\/jt-13h\" rel=\"nofollow noopener\" target=\"_blank\"><img decoding=\"async\" src=\"https:\/\/www.europesays.com\/fr\/wp-content\/uploads\/2025\/09\/program-card-portrait-1-bcd6cc-a94130-0@1x.jpg\" width=\"138\" height=\"184\" alt=\"\" loading=\"eager\" fetchpriority=\"auto\" class=\"rounded-3px aspect-[3\/4] h-24 w-auto\" aria-hidden=\"true\"\/><\/a><\/p>\n","protected":false},"excerpt":{"rendered":"\u00c0 Rennes, deux \u00e9tudiants ont fait preuve d&rsquo;h\u00e9ro\u00efsme. Vendredi matin, peu apr\u00e8s cinq heures, Louise et Rapha\u00ebl rentraient&hellip;\n","protected":false},"author":2,"featured_media":504715,"comment_status":"","ping_status":"","sticky":false,"template":"","format":"standard","meta":{"footnotes":""},"categories":[2821],"tags":[1111,11,829,1777,674,3483,3484,41662,41321,1011,27,3486,3485,41663,41668,41672,41661,41669,41673,41666,41665,12,584,25,41670,41671,3488,41667,3487,41664],"class_list":{"0":"post-504714","1":"post","2":"type-post","3":"status-publish","4":"format-standard","5":"has-post-thumbnail","7":"category-rennes","8":"tag-actu","9":"tag-actualites","10":"tag-bretagne","11":"tag-eu","12":"tag-europe","13":"tag-extrait","14":"tag-extrait-journal-de-13-heures","15":"tag-extrait-journal-de-13-heures-tf1","16":"tag-extrait-tf1","17":"tag-fr","18":"tag-france","19":"tag-journal-de-13-heures","20":"tag-journal-de-13-heures-extrait","21":"tag-journal-de-13-heures-extrait-tf1","22":"tag-journal-de-13-heures-streaming","23":"tag-journal-de-13-heures-streaming-gratuit","24":"tag-journal-de-13-heures-tf1","25":"tag-journal-de-13-heures-tf1-streaming","26":"tag-journal-de-13-heures-tf1-streaming-gratuit","27":"tag-journal-de-13-heures-tf1-video","28":"tag-journal-de-13-heures-video","29":"tag-news","30":"tag-rennes","31":"tag-republique-francaise","32":"tag-streaming-gratuit-journal-de-13-heures","33":"tag-streaming-gratuit-journal-de-13-heures-tf1","34":"tag-streaming-journal-de-13-heures","35":"tag-streaming-journal-de-13-heures-tf1","36":"tag-video-journal-de-13-heures","37":"tag-video-journal-de-13-heures-tf1"},"share_on_mastodon":{"url":"","error":"Validation failed: Text character limit of 500 exceeded"},"_links":{"self":[{"href":"https:\/\/www.europesays.com\/fr\/wp-json\/wp\/v2\/posts\/504714","targetHints":{"allow":["GET"]}}],"collection":[{"href":"https:\/\/www.europesays.com\/fr\/wp-json\/wp\/v2\/posts"}],"about":[{"href":"https:\/\/www.europesays.com\/fr\/wp-json\/wp\/v2\/types\/post"}],"author":[{"embeddable":true,"href":"https:\/\/www.europesays.com\/fr\/wp-json\/wp\/v2\/users\/2"}],"replies":[{"embeddable":true,"href":"https:\/\/www.europesays.com\/fr\/wp-json\/wp\/v2\/comments?post=504714"}],"version-history":[{"count":0,"href":"https:\/\/www.europesays.com\/fr\/wp-json\/wp\/v2\/posts\/504714\/revisions"}],"wp:featuredmedia":[{"embeddable":true,"href":"https:\/\/www.europesays.com\/fr\/wp-json\/wp\/v2\/media\/504715"}],"wp:attachment":[{"href":"https:\/\/www.europesays.com\/fr\/wp-json\/wp\/v2\/media?parent=504714"}],"wp:term":[{"taxonomy":"category","embeddable":true,"href":"https:\/\/www.europesays.com\/fr\/wp-json\/wp\/v2\/categories?post=504714"},{"taxonomy":"post_tag","embeddable":true,"href":"https:\/\/www.europesays.com\/fr\/wp-json\/wp\/v2\/tags?post=504714"}],"curies":[{"name":"wp","href":"https:\/\/api.w.org\/{rel}","templated":true}]}}