{"id":504734,"date":"2025-11-01T14:44:14","date_gmt":"2025-11-01T14:44:14","guid":{"rendered":"https:\/\/www.europesays.com\/fr\/504734\/"},"modified":"2025-11-01T14:44:14","modified_gmt":"2025-11-01T14:44:14","slug":"lhomme-recherche-par-les-reseaux-sociaux-na-rien-a-voir-dans-la-mort-de-juliette","status":"publish","type":"post","link":"https:\/\/www.europesays.com\/fr\/504734\/","title":{"rendered":"L\u2019homme recherch\u00e9 par les r\u00e9seaux sociaux n\u2019a rien \u00e0 voir dans la mort de Juliette"},"content":{"rendered":"<p class=\"mb-4 text-lg md:leading-8 break-words\"><strong>vou\u00e9 aux g\u00e9monies &#8211; L\u2019homme, dont le portrait avait \u00e9t\u00e9 largement diffus\u00e9 sur les r\u00e9seaux sociaux par des internautes le qualifiant de suspect, a \u00e9t\u00e9 mis hors de cause dans la mort de jeune femme noy\u00e9e dans la De\u00fble<\/strong><\/p>\n<p class=\"mb-4 text-lg md:leading-8 break-words\">Juliette, une jeune Lilloise, a \u00e9t\u00e9 <a href=\"https:\/\/www.20minutes.fr\/justice\/4182336-20251029-lille-autopsie-confirme-jeune-fille-retrouvee-deule-morte-noyee?at_medium=RSS%20feed&amp;at_campaign=ynews&amp;utm_source=yahoo&amp;utm_medium=rss&amp;utm_campaign=news_feed&amp;utm_content=in_article_link\" rel=\"nofollow noopener\" target=\"_blank\" data-ylk=\"slk:retrouv\u00e9e morte dans la De\u00fble;elm:context_link;itc:0;sec:content-canvas\" class=\"link \">retrouv\u00e9e morte dans la De\u00fble<\/a>, vendredi 24 octobre apr\u00e8s avoir pass\u00e9 la soir\u00e9e dans des bars du quartier du <a href=\"https:\/\/www.20minutes.fr\/lille\/?at_medium=RSS%20feed&amp;at_campaign=ynews&amp;utm_source=yahoo&amp;utm_medium=rss&amp;utm_campaign=news_feed&amp;utm_content=in_article_link\" rel=\"nofollow noopener\" target=\"_blank\" data-ylk=\"slk:Vieux-Lille;elm:context_link;itc:0;sec:content-canvas\" class=\"link \">Vieux-Lille<\/a>. Dans la foul\u00e9e de la macabre d\u00e9couverte, sont apparues sur TikTok et Instagram des <a href=\"https:\/\/www.20minutes.fr\/faits_divers\/4181728-20251027-lille-reseaux-sociaux-decretent-coupable-juliette-retrouvee-morte-deule-cause-apparente?at_medium=RSS%20feed&amp;at_campaign=ynews&amp;utm_source=yahoo&amp;utm_medium=rss&amp;utm_campaign=news_feed&amp;utm_content=in_article_link\" rel=\"nofollow noopener\" target=\"_blank\" data-ylk=\"slk:vid\u00e9os affichant le visage d\u2019un homme;elm:context_link;itc:0;sec:content-canvas\" class=\"link \">vid\u00e9os affichant le visage d\u2019un homme<\/a>, pr\u00e9sent\u00e9 comme suspect et pr\u00e9tendument recherch\u00e9 par la police. Objet d\u2019une v\u00e9ritable chasse \u00e0 l\u2019homme sur les r\u00e9seaux, cet homme a pourtant \u00e9t\u00e9 mis hors de cause selon la <a href=\"https:\/\/www.lavoixdunord.fr\/1641728\/article\/2025-10-31\/mort-de-juliette-dans-la-deule-lille-ce-que-l-sait-une-semaine-apres-le-drame?at_medium=RSS%20feed&amp;at_campaign=ynews&amp;utm_source=yahoo&amp;utm_medium=rss&amp;utm_campaign=news_feed&amp;utm_content=in_article_link\" rel=\"nofollow noopener\" target=\"_blank\" data-ylk=\"slk:Voix du Nord;elm:context_link;itc:0;sec:content-canvas\" class=\"link \">Voix du Nord<\/a>.<\/p>\n<p class=\"mb-4 text-lg md:leading-8 break-words\">L\u2019initiative des internautes ayant relay\u00e9 le visage de cet inconnu, dont l\u2019activiste identitaire Alice Cordier, avait fait bondir le procureur de la R\u00e9publique de Lille, Samuel Finilez, au point qu\u2019il a menac\u00e9 de poursuites les auteurs des vid\u00e9os. Le magistrat avait notamment d\u00e9plor\u00e9 que l\u2019on jette \u00e0 la vindicte publique une personne, alors qu\u2019en l\u2019\u00e9tat des investigations, rien ne laissait supposer que Juliette avait \u00e9t\u00e9 tu\u00e9e.<\/p>\n<p>Mis hors de cause gr\u00e2ce \u00e0 la vid\u00e9osurveillance<\/p>\n<p class=\"mb-4 text-lg md:leading-8 break-words\">Selon nos confr\u00e8res, l\u2019homme en question a finalement \u00e9t\u00e9 retrouv\u00e9 et interrog\u00e9 par les enqu\u00eateurs poursuivant les investigations en recherche des causes de la mort. Touriste de nationalit\u00e9 allemande, celui-ci \u00e9tait en s\u00e9jour \u00e0 Lille et r\u00e9sidait dans un h\u00f4tel o\u00f9 les policiers l\u2019ont d\u2019ailleurs retrouv\u00e9. Outre son audition, ce sont aussi les images de vid\u00e9osurveillance de la ville qui ont permis de mettre hors de cause le touriste. En effet, s\u2019il se trouvait effectivement dans le dernier bar qu\u2019avait fr\u00e9quent\u00e9 Juliette avant sa mort, celui-ci en est sor(&#8230;)<\/p>\n<p class=\"mb-4 text-lg md:leading-8 break-words\"><a href=\"https:\/\/www.20minutes.fr\/lille\/4182987-20251101-lille-homme-recherche-reseaux-sociaux-rien-voir-mort-juliette?at_medium=RSS%20feed&amp;at_campaign=ynews&amp;utm_source=yahoo&amp;utm_medium=rss&amp;utm_campaign=news_feed&amp;utm_content=read_more_link&quot;\" rel=\"nofollow noopener\" target=\"_blank\" data-ylk=\"slk:Lire la suite sur 20minutes;elm:context_link;itc:0;sec:content-canvas\" class=\"link \">Lire la suite sur 20minutes<\/a><\/p>\n<p>\u00c0 lire aussi :<br \/><a href=\"https:\/\/www.20minutes.fr\/justice\/4182336-20251029-lille-autopsie-confirme-jeune-fille-retrouvee-deule-morte-noyee?at_medium=RSS%20feed&amp;at_campaign=ynews&amp;utm_source=yahoo&amp;utm_medium=rss&amp;utm_campaign=news_feed&amp;utm_content=related_content_link\" rel=\"nofollow noopener\" target=\"_blank\" data-ylk=\"slk:Lille : L\u2019autopsie confirme que la jeune fille retrouv\u00e9e dans la De\u00fble est morte noy\u00e9e;elm:context_link;itc:0;sec:content-canvas\" class=\"link \">Lille : L\u2019autopsie confirme que la jeune fille retrouv\u00e9e dans la De\u00fble est morte noy\u00e9e<\/a><br \/><a href=\"https:\/\/www.20minutes.fr\/faits_divers\/4181728-20251027-lille-reseaux-sociaux-decretent-coupable-juliette-retrouvee-morte-deule-cause-apparente?at_medium=RSS%20feed&amp;at_campaign=ynews&amp;utm_source=yahoo&amp;utm_medium=rss&amp;utm_campaign=news_feed&amp;utm_content=related_content_link\" rel=\"nofollow noopener\" target=\"_blank\" data-ylk=\"slk:Lille : Les r\u00e9seaux sociaux d\u00e9cr\u00e8tent un coupable pour Juliette, retrouv\u00e9e morte dans la De\u00fble sans cause apparente;elm:context_link;itc:0;sec:content-canvas\" class=\"link \">Lille : Les r\u00e9seaux sociaux d\u00e9cr\u00e8tent un coupable pour Juliette, retrouv\u00e9e morte dans la De\u00fble sans cause apparente<\/a><\/p>\n","protected":false},"excerpt":{"rendered":"vou\u00e9 aux g\u00e9monies &#8211; L\u2019homme, dont le portrait avait \u00e9t\u00e9 largement diffus\u00e9 sur les r\u00e9seaux sociaux par des&hellip;\n","protected":false},"author":2,"featured_media":504735,"comment_status":"","ping_status":"","sticky":false,"template":"","format":"standard","meta":{"footnotes":""},"categories":[2815],"tags":[1111,11,40274,1777,674,1011,27,811,20091,62645,22129,1307,12,25,938],"class_list":{"0":"post-504734","1":"post","2":"type-post","3":"status-publish","4":"format-standard","5":"has-post-thumbnail","7":"category-lille","8":"tag-actu","9":"tag-actualites","10":"tag-deule","11":"tag-eu","12":"tag-europe","13":"tag-fr","14":"tag-france","15":"tag-hauts-de-france","16":"tag-juliette","17":"tag-lhomme-en-question","18":"tag-la-mort","19":"tag-lille","20":"tag-news","21":"tag-republique-francaise","22":"tag-reseaux-sociaux"},"share_on_mastodon":{"url":"https:\/\/pubeurope.com\/@fr\/115474980385120297","error":""},"_links":{"self":[{"href":"https:\/\/www.europesays.com\/fr\/wp-json\/wp\/v2\/posts\/504734","targetHints":{"allow":["GET"]}}],"collection":[{"href":"https:\/\/www.europesays.com\/fr\/wp-json\/wp\/v2\/posts"}],"about":[{"href":"https:\/\/www.europesays.com\/fr\/wp-json\/wp\/v2\/types\/post"}],"author":[{"embeddable":true,"href":"https:\/\/www.europesays.com\/fr\/wp-json\/wp\/v2\/users\/2"}],"replies":[{"embeddable":true,"href":"https:\/\/www.europesays.com\/fr\/wp-json\/wp\/v2\/comments?post=504734"}],"version-history":[{"count":0,"href":"https:\/\/www.europesays.com\/fr\/wp-json\/wp\/v2\/posts\/504734\/revisions"}],"wp:featuredmedia":[{"embeddable":true,"href":"https:\/\/www.europesays.com\/fr\/wp-json\/wp\/v2\/media\/504735"}],"wp:attachment":[{"href":"https:\/\/www.europesays.com\/fr\/wp-json\/wp\/v2\/media?parent=504734"}],"wp:term":[{"taxonomy":"category","embeddable":true,"href":"https:\/\/www.europesays.com\/fr\/wp-json\/wp\/v2\/categories?post=504734"},{"taxonomy":"post_tag","embeddable":true,"href":"https:\/\/www.europesays.com\/fr\/wp-json\/wp\/v2\/tags?post=504734"}],"curies":[{"name":"wp","href":"https:\/\/api.w.org\/{rel}","templated":true}]}}