{"id":504756,"date":"2025-11-01T14:56:23","date_gmt":"2025-11-01T14:56:23","guid":{"rendered":"https:\/\/www.europesays.com\/fr\/504756\/"},"modified":"2025-11-01T14:56:23","modified_gmt":"2025-11-01T14:56:23","slug":"ukraine-les-attaques-nocturnes-de-missiles-russes-au-plus-haut-en-octobre-depuis-debut-2023","status":"publish","type":"post","link":"https:\/\/www.europesays.com\/fr\/504756\/","title":{"rendered":"Ukraine\u00a0: les attaques nocturnes de missiles russes au plus haut en octobre depuis d\u00e9but 2023"},"content":{"rendered":"<p>En octobre, les forces russes ont lanc\u00e9 270 missiles sur le pays, soit une hausse de 46 % par rapport \u00e0 septembre, d\u2019apr\u00e8s une compilation des chiffres fournis chaque jour par l\u2019arm\u00e9e de l\u2019air ukrainienne. Il s\u2019agit du nombre de missiles lanc\u00e9s en un mois sur l\u2019Ukraine, lors de bombardements nocturnes, le plus \u00e9lev\u00e9 depuis que l\u2019arm\u00e9e de l\u2019air ukrainienne a commenc\u00e9, d\u00e9but 2023, \u00e0 publier ces comptes rendus quotidiens.<\/p>\n<p>Objectif ? Affaiblir la population civile<\/p>\n<p>Moscou cible le r\u00e9seau \u00e9lectrique ukrainien pour le 4e hiver cons\u00e9cutif, dans le cadre d\u2019une strat\u00e9gie visant \u00e0 affaiblir la population civile ukrainienne, selon Kiev et ses soutiens.<\/p>\n<p>Volodymyr Zelensky a r\u00e9cemment accus\u00e9 la Russie de vouloir semer le \u00ab chaos \u00bb et d\u2019exercer une \u00ab pression psychologique \u00bb en frappant si intens\u00e9ment le r\u00e9seau \u00e9lectrique du pays.<\/p>\n","protected":false},"excerpt":{"rendered":"En octobre, les forces russes ont lanc\u00e9 270 missiles sur le pays, soit une hausse de 46 %&hellip;\n","protected":false},"author":2,"featured_media":504757,"comment_status":"","ping_status":"","sticky":false,"template":"","format":"standard","meta":{"footnotes":""},"categories":[1590],"tags":[11,765,1777,674,131,2069,74,12,220,134],"class_list":{"0":"post-504756","1":"post","2":"type-post","3":"status-publish","4":"format-standard","5":"has-post-thumbnail","7":"category-ukraine","8":"tag-actualites","9":"tag-en-continu","10":"tag-eu","11":"tag-europe","12":"tag-guerre-en-ukraine","13":"tag-guerre-ukraine-russie","14":"tag-monde","15":"tag-news","16":"tag-ukraine","17":"tag-volodymyr-zelensky"},"share_on_mastodon":{"url":"https:\/\/pubeurope.com\/@fr\/115475027427720317","error":""},"_links":{"self":[{"href":"https:\/\/www.europesays.com\/fr\/wp-json\/wp\/v2\/posts\/504756","targetHints":{"allow":["GET"]}}],"collection":[{"href":"https:\/\/www.europesays.com\/fr\/wp-json\/wp\/v2\/posts"}],"about":[{"href":"https:\/\/www.europesays.com\/fr\/wp-json\/wp\/v2\/types\/post"}],"author":[{"embeddable":true,"href":"https:\/\/www.europesays.com\/fr\/wp-json\/wp\/v2\/users\/2"}],"replies":[{"embeddable":true,"href":"https:\/\/www.europesays.com\/fr\/wp-json\/wp\/v2\/comments?post=504756"}],"version-history":[{"count":0,"href":"https:\/\/www.europesays.com\/fr\/wp-json\/wp\/v2\/posts\/504756\/revisions"}],"wp:featuredmedia":[{"embeddable":true,"href":"https:\/\/www.europesays.com\/fr\/wp-json\/wp\/v2\/media\/504757"}],"wp:attachment":[{"href":"https:\/\/www.europesays.com\/fr\/wp-json\/wp\/v2\/media?parent=504756"}],"wp:term":[{"taxonomy":"category","embeddable":true,"href":"https:\/\/www.europesays.com\/fr\/wp-json\/wp\/v2\/categories?post=504756"},{"taxonomy":"post_tag","embeddable":true,"href":"https:\/\/www.europesays.com\/fr\/wp-json\/wp\/v2\/tags?post=504756"}],"curies":[{"name":"wp","href":"https:\/\/api.w.org\/{rel}","templated":true}]}}