{"id":504758,"date":"2025-11-01T14:57:16","date_gmt":"2025-11-01T14:57:16","guid":{"rendered":"https:\/\/www.europesays.com\/fr\/504758\/"},"modified":"2025-11-01T14:57:16","modified_gmt":"2025-11-01T14:57:16","slug":"apres-les-meubles-les-medicaments-ou-les-films-les-droits-de-douane-de-trump-frappent-desormais-les-camions-et-les-bus","status":"publish","type":"post","link":"https:\/\/www.europesays.com\/fr\/504758\/","title":{"rendered":"Apr\u00e8s les meubles, les m\u00e9dicaments ou les films, les droits de douane de Trump frappent d\u00e9sormais les camions et les bus"},"content":{"rendered":"<p>Les camions sont d\u00e9sormais tax\u00e9s par les \u00c9tats-Unis \u00e0 hauteur de 25%, les cars et les bus \u00e9copent de droits de douane de 10%.<\/p>\n<p>Les \u00c9tats-Unis imposent depuis samedi 31 octobre des droits de douane <a href=\"https:\/\/www.bfmtv.com\/economie\/international\/apres-les-meubles-l-acier-et-les-medicaments-trump-s-attaque-desormais-aux-camions-et-aux-autocars-avec-ses-droits-de-douane_AD-202510180208.html\" title=\"Apr\u00e8s les meubles, l&#039;acier et les m\u00e9dicaments, Trump s&#039;attaque d\u00e9sormais aux camions et aux autocars avec ses droits de douane\" class=\"internal_link\" rel=\"nofollow noopener\" target=\"_blank\">sur les camions<\/a> dans le cadre de l&rsquo;offensive protectionniste tous azimuts du pr\u00e9sident Donald Trump, toutefois assortie d&rsquo;exemptions.<\/p>\n<p>Les camions import\u00e9s sont d\u00e9sormais frapp\u00e9s par 25% de droits de douane suppl\u00e9mentaires. Une nouvelle surtaxe est \u00e9galement impos\u00e9 sur les bus et cars, de 10%.<\/p>\n<p>Depuis son retour au pouvoir en janvier, Donald Trump a mis en place une surtaxe plancher d&rsquo;au moins 10% sur la plupart des marchandises import\u00e9es, ainsi que des droits de douane sp\u00e9cifiques sur des secteurs jug\u00e9s strat\u00e9giques (acier, aluminium, automobile, cuivre, <a href=\"https:\/\/www.bfmtv.com\/economie\/international\/donald-trump-s-attaque-a-ikea-le-president-americain-va-imposer-de-lourds-droits-de-douane-jusqu-a-50-sur-les-meubles-et-le-bois_AD-202509300236.html\" title=\"Donald Trump s&#039;attaque \u00e0 Ikea: le pr\u00e9sident am\u00e9ricain va imposer de lourds droits de douane jusqu&#039;\u00e0 50% sur les meubles et le bois\" class=\"internal_link\" rel=\"nofollow noopener\" target=\"_blank\">meubles<\/a>, bois de construction, <a href=\"https:\/\/www.bfmtv.com\/economie\/international\/notre-industrie-cinematographique-a-ete-volee-donald-trump-va-imposer-100-de-droits-de-douane-aux-films-produits-hors-des-etats-unis-et-veut-taxer-aussi-les-meubles_AD-202509290631.html\" title=\"&quot;Notre industrie cin\u00e9matographique a \u00e9t\u00e9 vol\u00e9e&quot;: Donald Trump va imposer 100% de droits de douane aux films produits hors des Etats-Unis et veut taxer aussi les meubles\" class=\"internal_link\" rel=\"nofollow noopener\" target=\"_blank\">films<\/a>). Poids lourds et autocars s&rsquo;ajoutent donc d\u00e9sormais \u00e0 cette liste.<\/p>\n<p>L&rsquo;id\u00e9e du gouvernement est de favoriser l&rsquo;industrie nationale, de r\u00e9duire le colossal d\u00e9ficit commercial du pays, de g\u00e9n\u00e9rer de nouvelles recettes publiques, mais aussi de n\u00e9gocier avec les principaux producteurs des acc\u00e8s privil\u00e9gi\u00e9s pour les produits am\u00e9ricains, en \u00e9change d&rsquo;une ristourne douani\u00e8re.<\/p>\n<p>Taxer les pi\u00e8ces fabriqu\u00e9es hors des \u00c9tats-unis<\/p>\n<p>Le lobby des transporteurs routiers (American Trucking Associations), qui regroupe plus de 37.000 entreprises, avait demand\u00e9 au gouvernement de renoncer \u00e0 ces droits de douane.<\/p>\n<p>Les nouvelles taxes ne s&rsquo;appliqueront cependant pas enti\u00e8rement sur les camions en provenance du Canada et du Mexique, d\u00e8s lors que leur production r\u00e9pond aux crit\u00e8res pr\u00e9vus dans le cadre du trait\u00e9 de libre-\u00e9change entre les trois pays (Aceum).<\/p>\n<p>Pour les v\u00e9hicules concern\u00e9s, seules les pi\u00e8ces non fabriqu\u00e9es aux \u00c9tats-Unis seront \u00e0 terme tax\u00e9es \u00e0 25%. Mais elles en restent pour l&rsquo;instant exempt\u00e9es, le temps pour le minist\u00e8re du Commerce de d\u00e9terminer comment mettre en application cette mesure. La majorit\u00e9 des camions import\u00e9s aux \u00c9tats-Unis viennent de ses voisins imm\u00e9diats, selon les experts.<\/p>\n<p>Pour les autocars et autobus en revanche, les 10% s&rsquo;appliqueront pleinement pour les v\u00e9hicules venant des deux pays voisins, qu&rsquo;ils soient dans le cadre de l&rsquo;Aceum ou non.<\/p>\n","protected":false},"excerpt":{"rendered":"Les camions sont d\u00e9sormais tax\u00e9s par les \u00c9tats-Unis \u00e0 hauteur de 25%, les cars et les bus \u00e9copent&hellip;\n","protected":false},"author":2,"featured_media":504759,"comment_status":"","ping_status":"","sticky":false,"template":"","format":"standard","meta":{"footnotes":""},"categories":[1589],"tags":[11,73,1866,12,1864,1865,1863,308],"class_list":{"0":"post-504758","1":"post","2":"type-post","3":"status-publish","4":"format-standard","5":"has-post-thumbnail","7":"category-etats-unis","8":"tag-actualites","9":"tag-etats-unis","10":"tag-etats-unis-damerique","11":"tag-news","12":"tag-united-states","13":"tag-united-states-of-america","14":"tag-us","15":"tag-usa"},"share_on_mastodon":{"url":"https:\/\/pubeurope.com\/@fr\/115475032113620029","error":""},"_links":{"self":[{"href":"https:\/\/www.europesays.com\/fr\/wp-json\/wp\/v2\/posts\/504758","targetHints":{"allow":["GET"]}}],"collection":[{"href":"https:\/\/www.europesays.com\/fr\/wp-json\/wp\/v2\/posts"}],"about":[{"href":"https:\/\/www.europesays.com\/fr\/wp-json\/wp\/v2\/types\/post"}],"author":[{"embeddable":true,"href":"https:\/\/www.europesays.com\/fr\/wp-json\/wp\/v2\/users\/2"}],"replies":[{"embeddable":true,"href":"https:\/\/www.europesays.com\/fr\/wp-json\/wp\/v2\/comments?post=504758"}],"version-history":[{"count":0,"href":"https:\/\/www.europesays.com\/fr\/wp-json\/wp\/v2\/posts\/504758\/revisions"}],"wp:featuredmedia":[{"embeddable":true,"href":"https:\/\/www.europesays.com\/fr\/wp-json\/wp\/v2\/media\/504759"}],"wp:attachment":[{"href":"https:\/\/www.europesays.com\/fr\/wp-json\/wp\/v2\/media?parent=504758"}],"wp:term":[{"taxonomy":"category","embeddable":true,"href":"https:\/\/www.europesays.com\/fr\/wp-json\/wp\/v2\/categories?post=504758"},{"taxonomy":"post_tag","embeddable":true,"href":"https:\/\/www.europesays.com\/fr\/wp-json\/wp\/v2\/tags?post=504758"}],"curies":[{"name":"wp","href":"https:\/\/api.w.org\/{rel}","templated":true}]}}