{"id":50476,"date":"2025-04-25T00:32:07","date_gmt":"2025-04-25T00:32:07","guid":{"rendered":"https:\/\/www.europesays.com\/fr\/50476\/"},"modified":"2025-04-25T00:32:07","modified_gmt":"2025-04-25T00:32:07","slug":"bain-du-groupe-de-k-pop-just-b-a-fait-son-coming-out-pourquoi-son-annonce-a-son-importance","status":"publish","type":"post","link":"https:\/\/www.europesays.com\/fr\/50476\/","title":{"rendered":"Bain du groupe de K-Pop Just B a fait son coming-out: pourquoi son annonce a son importance"},"content":{"rendered":"<p>\u00ab Je veux partager quelque chose de vrai \u00bb, a d\u00e9clar\u00e9 <strong>Bain<\/strong> du groupe de K-Pop Just B, mardi 22 avril, tenant quelques secondes en haleine le Vermont <a href=\"https:\/\/www.vanityfair.fr\/dossier\/hollywood\" isautogenerated=\"true\" target=\"_blank\" rel=\"noopener\">Hollywood<\/a> Hall de Los Angeles. \u00ab Je suis putain de fier de faire partie de la communaut\u00e9 LGBTQ+. En tant que personne gay \u00bb, a ajout\u00e9 le chanteur, r\u00e9coltant les cris nourris de son public. De quoi rendre marquante la derni\u00e8re date de la tourn\u00e9e am\u00e9ricaine du groupe, Just Odd, puisque pour la premi\u00e8re fois, un idol d&rsquo;un boygroup sud-cor\u00e9en affichait ouvertement son appartenance \u00e0 la communaut\u00e9 LGBTQI+.<\/p>\n<p>\u00ab Et je salue ma reine, <a href=\"https:\/\/www.vanityfair.fr\/dossier\/lady-gaga\" isautogenerated=\"true\" target=\"_blank\" rel=\"noopener\">Lady Gaga<\/a>, qui m&rsquo;a montr\u00e9 qu&rsquo;\u00eatre diff\u00e9rent, c&rsquo;est beau, a poursuivi le chanteur de 23 ans. \u00c0 tous ceux qui font partie de la communaut\u00e9 LGBTQ+, ou qui sont encore en train de la d\u00e9couvrir, ceci est pour vous. Et c&rsquo;est aussi pour tout le monde. \u00bb \u00ab Vous \u00eates vus, vous \u00eates aim\u00e9s et vous \u00eates n\u00e9s ainsi \u00bb, a-t-il conclu avec un clin d&rsquo;\u0153il \u00e0 l&rsquo;ind\u00e9tr\u00f4nable hymne LGBTQI+ <a data-offer-url=\"https:\/\/x.com\/JUSTB_Official\/status\/1914577441911353609\" class=\"external-link\" data-event-click=\"{&quot;element&quot;:&quot;ExternalLink&quot;,&quot;outgoingURL&quot;:&quot;https:\/\/x.com\/JUSTB_Official\/status\/1914577441911353609&quot;}\" href=\"https:\/\/x.com\/JUSTB_Official\/status\/1914577441911353609\" rel=\"nofollow noopener\" target=\"_blank\">Born This Way de Lady Gaga<\/a> qu&rsquo;il s&rsquo;appr\u00eatait \u00e0 reprendre.<\/p>\n<p>Instagram content<\/p>\n<p>This content can also be viewed on the site it <a href=\"https:\/\/www.instagram.com\/reel\/DIzd3eRhV18\" target=\"_blank\" rel=\"nofollow noreferrer noopener\" aria-label=\"Opens in a new window\" class=\"BaseWrap-sc-gjQpdd BaseText-ewhhUZ BaseLink-eNWuiM ConsentBannerLink-dJZMSz iUEiRd hfDfPc joAuXZ\">originates<\/a> from.<\/p>\n<p>La r\u00e9v\u00e9lation de Bain, <strong>Song Byeong Hee<\/strong> de son vrai nom, a \u00e9t\u00e9 chaudement applaudie par le public et jusque sur les r\u00e9seaux sociaux o\u00f9 la vid\u00e9o, devenue virale, a \u00e9t\u00e9 salu\u00e9e de milliers de commentaires de soutien et de f\u00e9licitations. Son camarade <strong>Siwoo<\/strong> l&rsquo;a \u00ab applaudi \u00bb pour son \u00ab courage \u00bb sur l&rsquo;application de communication Fromm. \u00ab Je regardais en coulisses et j&rsquo;ai pleur\u00e9. Sachant \u00e0 quel point cela a d\u00fb \u00eatre difficile et douloureux, j&rsquo;ai \u00e9t\u00e9 encore plus touch\u00e9, a-t-il ajout\u00e9, selon <a data-offer-url=\"https:\/\/www.koreaherald.com\/article\/10473148\" class=\"external-link\" data-event-click=\"{&quot;element&quot;:&quot;ExternalLink&quot;,&quot;outgoingURL&quot;:&quot;https:\/\/www.koreaherald.com\/article\/10473148&quot;}\" href=\"https:\/\/www.koreaherald.com\/article\/10473148\" rel=\"nofollow noopener\" target=\"_blank\">The Korea Herald<\/a>. Je lui ai d\u00e9j\u00e0 fait un gros c\u00e2lin \u2013 c&rsquo;\u00e9tait une tourn\u00e9e tellement heureuse. \u00bb \u00ab Comme cela concerne la vie personnelle et l&rsquo;identit\u00e9 sexuelle de Bain, il nous est difficile de faire une d\u00e9claration s\u00e9par\u00e9e \u00bb, a indiqu\u00e9 son agence, Bluedot Entertainment, selon <a data-offer-url=\"https:\/\/m.entertain.naver.com\/now\/article\/109\/0005290661\" class=\"external-link\" data-event-click=\"{&quot;element&quot;:&quot;ExternalLink&quot;,&quot;outgoingURL&quot;:&quot;https:\/\/m.entertain.naver.com\/now\/article\/109\/0005290661&quot;}\" href=\"https:\/\/m.entertain.naver.com\/now\/article\/109\/0005290661\" rel=\"nofollow noopener\" target=\"_blank\">OSEN<\/a>, qui a affich\u00e9 son soutien pour son artiste en reprenant l&rsquo;extrait, l&rsquo;accompagnant du hashtag \u00ab Fier de Bain \u00bb.<\/p>\n<p>Le parolier et compositeur s&rsquo;est attir\u00e9 les f\u00e9licitations de ses pairs. La chanteuse <strong>AleXa<\/strong> a \u00e9crit : \u00ab Je suis si fi\u00e8re de toi, mon enfant. Aime-toi toujours parce que nous t&rsquo;aimons \u00bb, tandis que le groupe Lionesses, premier et seul groupe sud-cor\u00e9en compos\u00e9 de membres ouvertement LGBTQI+, s&rsquo;est empress\u00e9 de lui souhaiter la : \u00ab Bienvenue \u00e0 l&rsquo;endroit o\u00f9 nous pouvons \u00eatre nous-m\u00eames. S&rsquo;aimer soi-m\u00eame et se tenir debout tels que nous sommes \u00bb.<\/p>\n<p>Des messages de tol\u00e9rance<\/p>\n<p>Si la prise de parole de Bain a produit un tel effet, c&rsquo;est tant il est rare qu&rsquo;un artiste de l&rsquo;industrie du divertissement sud-cor\u00e9en ne fasse son coming-out. En mars dernier, <strong>Lara<\/strong>, membre du groupe international KATSEYE produit par HYBE, la plus grande agence de Cor\u00e9e du Sud, avait annonc\u00e9 sur Weverse qu&rsquo;elle savait qu&rsquo;elle \u00e9tait \u00ab \u00e0 moiti\u00e9 fruitcake [mot d&rsquo;argot d\u00e9signant la communaut\u00e9 LGBTQI+]\u00bb depuis ses \u00ab huit ans \u00bb. \u00ab La moiti\u00e9 d&rsquo;un fruitcake n&rsquo;est-elle pas une bonne fa\u00e7on de l&rsquo;expliquer sans le dire ? \u00bb, avait-elle ajout\u00e9. Une r\u00e9v\u00e9lation qu&rsquo;elle avait faite apr\u00e8s avoir longtemps eu \u00ab peur \u00bb, rapporte <a data-offer-url=\"https:\/\/www.tmz.com\/2025\/03\/24\/katseye-lara-comes-out-queer\/?adid=social-tw\" class=\"external-link\" data-event-click=\"{&quot;element&quot;:&quot;ExternalLink&quot;,&quot;outgoingURL&quot;:&quot;https:\/\/www.tmz.com\/2025\/03\/24\/katseye-lara-comes-out-queer\/?adid=social-tw&quot;}\" href=\"https:\/\/www.tmz.com\/2025\/03\/24\/katseye-lara-comes-out-queer\/?adid=social-tw\" rel=\"nofollow noopener\" target=\"_blank\">TMZ<\/a> : \u00ab Je ne savais pas si les gens m&rsquo;accepteraient et je pensais vraiment que \u00e7a ruinerait mes chances d&rsquo;\u00eatre admise. \u00bb<\/p>\n<p>Encore aujourd&rsquo;hui, \u00eatre une superstar de la K-Pop et ouvertement queer peut difficilement se conjuguer en Cor\u00e9e du Sud. En 2007, la chanteuse <strong>Magoply<\/strong> avait \u00e9t\u00e9 renvoy\u00e9e de son label apr\u00e8s avoir r\u00e9v\u00e9l\u00e9 \u00e0 la t\u00e9l\u00e9vision pr\u00e9f\u00e9rer les femmes. <strong>Holland<\/strong>, de son c\u00f4t\u00e9, chanteur et acteur ouvertement gay, a d\u00fb choisir l&rsquo;autoproduction pour sortir sa musique, aucune agence n&rsquo;acceptant de le signer. Et pour une sc\u00e8ne de baiser gay, son clip <a href=\"https:\/\/www.youtube.com\/watch?v=IVzGsh0zRec\" target=\"_blank\" rel=\"noopener\">Neverland<\/a> a \u00e9t\u00e9 interdit aux moins de 19 ans dans son pays natal.<\/p>\n<p><script async src=\"\/\/www.instagram.com\/embed.js\"><\/script><\/p>\n","protected":false},"excerpt":{"rendered":"\u00ab Je veux partager quelque chose de vrai \u00bb, a d\u00e9clar\u00e9 Bain du groupe de K-Pop Just B,&hellip;\n","protected":false},"author":2,"featured_media":50477,"comment_status":"","ping_status":"","sticky":false,"template":"","format":"standard","meta":{"footnotes":""},"categories":[1355],"tags":[1000,58,59,1011,27,1361,873,6747,721],"class_list":{"0":"post-50476","1":"post","2":"type-post","3":"status-publish","4":"format-standard","5":"has-post-thumbnail","7":"category-musique","8":"tag-celebrites","9":"tag-divertissement","10":"tag-entertainment","11":"tag-fr","12":"tag-france","13":"tag-music","14":"tag-musique","15":"tag-textabovecentergridwidth","16":"tag-web"},"share_on_mastodon":{"url":"https:\/\/pubeurope.com\/@fr\/114395790976082201","error":""},"_links":{"self":[{"href":"https:\/\/www.europesays.com\/fr\/wp-json\/wp\/v2\/posts\/50476","targetHints":{"allow":["GET"]}}],"collection":[{"href":"https:\/\/www.europesays.com\/fr\/wp-json\/wp\/v2\/posts"}],"about":[{"href":"https:\/\/www.europesays.com\/fr\/wp-json\/wp\/v2\/types\/post"}],"author":[{"embeddable":true,"href":"https:\/\/www.europesays.com\/fr\/wp-json\/wp\/v2\/users\/2"}],"replies":[{"embeddable":true,"href":"https:\/\/www.europesays.com\/fr\/wp-json\/wp\/v2\/comments?post=50476"}],"version-history":[{"count":0,"href":"https:\/\/www.europesays.com\/fr\/wp-json\/wp\/v2\/posts\/50476\/revisions"}],"wp:featuredmedia":[{"embeddable":true,"href":"https:\/\/www.europesays.com\/fr\/wp-json\/wp\/v2\/media\/50477"}],"wp:attachment":[{"href":"https:\/\/www.europesays.com\/fr\/wp-json\/wp\/v2\/media?parent=50476"}],"wp:term":[{"taxonomy":"category","embeddable":true,"href":"https:\/\/www.europesays.com\/fr\/wp-json\/wp\/v2\/categories?post=50476"},{"taxonomy":"post_tag","embeddable":true,"href":"https:\/\/www.europesays.com\/fr\/wp-json\/wp\/v2\/tags?post=50476"}],"curies":[{"name":"wp","href":"https:\/\/api.w.org\/{rel}","templated":true}]}}