{"id":504762,"date":"2025-11-01T14:59:18","date_gmt":"2025-11-01T14:59:18","guid":{"rendered":"https:\/\/www.europesays.com\/fr\/504762\/"},"modified":"2025-11-01T14:59:18","modified_gmt":"2025-11-01T14:59:18","slug":"france-allemagne-italie-autriche-les-nouvelles-combinaisons-pour-cet-hiver","status":"publish","type":"post","link":"https:\/\/www.europesays.com\/fr\/504762\/","title":{"rendered":"France, Allemagne, Italie, Autriche,&#8230; Les nouvelles combinaisons pour cet hiver"},"content":{"rendered":"<p><strong><a href=\"https:\/\/biathlonlive.com\/divers\/la-nouvelle-combinaison-de-lequipe-de-france-de-biathlon-devoilee\/\" rel=\"nofollow noopener\" target=\"_blank\">En plus de l\u2019\u00e9quipe de France<\/a>, plusieurs nations ont \u00e9galement d\u00e9voil\u00e9 leurs nouvelles couleurs pour cet hiver. <\/strong><\/p>\n<p><strong>France : <\/strong><img loading=\"lazy\" data-lazyloaded=\"1\" data-recalc-dims=\"1\" decoding=\"async\" width=\"400\" height=\"580\" src=\"https:\/\/www.europesays.com\/fr\/wp-content\/uploads\/2025\/11\/nouvelles-couleurs-pour-les-bleus-du-biathlon-photo-agence-zoom-e1762005839781.jpg\" alt=\"\" class=\"wp-image-119740\"  data-\/>\u00a9 Agence Zoom\/C.P<strong>Allemagne : <\/strong><img loading=\"lazy\" data-lazyloaded=\"1\" data-recalc-dims=\"1\" decoding=\"async\" width=\"810\" height=\"540\" src=\"https:\/\/www.europesays.com\/fr\/wp-content\/uploads\/2025\/11\/Fratzscher191025la113490.jpg\" alt=\"\" class=\"wp-image-119482\"  data-\/>Lucas Fratzscher (GER) \u00a9 Authamayou\/NordicFocus<strong>Italie : <\/strong><img data-lazyloaded=\"1\" data-recalc-dims=\"1\" loading=\"lazy\" decoding=\"async\" width=\"502\" height=\"716\" src=\"https:\/\/www.europesays.com\/fr\/wp-content\/uploads\/2025\/11\/1762009155_331_image.png\" alt=\"\" class=\"wp-image-119738\"  data-\/>\u00a9 Instagram Dorothea Wierer<strong>Autriche : <\/strong><\/p>\n<blockquote class=\"instagram-media\" data-instgrm-permalink=\"https:\/\/www.instagram.com\/p\/DPoyfB3jeHk\/?utm_source=ig_embed&amp;utm_campaign=loading\" data-instgrm-version=\"14\" style=\" background:#FFF; border:0; border-radius:3px; box-shadow:0 0 1px 0 rgba(0,0,0,0.5),0 1px 10px 0 rgba(0,0,0,0.15); margin: 1px; max-width:540px; min-width:326px; padding:0; width:99.375%; width:-webkit-calc(100% - 2px); width:calc(100% - 2px);\"\/><p> <strong>Finlande : <\/strong><\/p>\n<blockquote class=\"instagram-media\" data-instgrm-permalink=\"https:\/\/www.instagram.com\/p\/DQe-adTjNJu\/?utm_source=ig_embed&amp;utm_campaign=loading\" data-instgrm-version=\"14\" style=\" background:#FFF; border:0; border-radius:3px; box-shadow:0 0 1px 0 rgba(0,0,0,0.5),0 1px 10px 0 rgba(0,0,0,0.15); margin: 1px; max-width:540px; min-width:326px; padding:0; width:99.375%; width:-webkit-calc(100% - 2px); width:calc(100% - 2px);\"\/><p> <strong>Estonie : <\/strong><img data-lazyloaded=\"1\" data-recalc-dims=\"1\" loading=\"lazy\" decoding=\"async\" width=\"638\" height=\"1024\" src=\"https:\/\/www.europesays.com\/fr\/wp-content\/uploads\/2025\/11\/G4WCIDeWAAExYVR.jpg\" alt=\"\" class=\"wp-image-119736\" style=\"width:390px;height:auto\"  data-\/>\u00a9 Instagram Susan Kuelm<\/p>\n<p>Si la Norv\u00e8ge (comme la Su\u00e8de, garde la m\u00eame combinaison que l\u2019hiver dernier, les Scandinaves ont d\u00e9j\u00e0 d\u00e9voil\u00e9 celle qui porteront lors des Jeux olympiques de Milan Cortina :<\/p>\n<p><img data-lazyloaded=\"1\" data-recalc-dims=\"1\" loading=\"lazy\" decoding=\"async\" width=\"810\" height=\"540\" src=\"https:\/\/www.europesays.com\/fr\/wp-content\/uploads\/2025\/11\/Combinaison-Norvege_JO-2026-1.png\" alt=\"\" class=\"wp-image-119744\"  data-\/>\u00a9 Olympic Team Norway<\/p>\n<p>Cr\u00e9dit photo : Craft Sport<\/p>\n<p><script async src=\"\/\/www.instagram.com\/embed.js\"><\/script><\/p>\n","protected":false},"excerpt":{"rendered":"En plus de l\u2019\u00e9quipe de France, plusieurs nations ont \u00e9galement d\u00e9voil\u00e9 leurs nouvelles couleurs pour cet hiver. France&hellip;\n","protected":false},"author":2,"featured_media":504763,"comment_status":"","ping_status":"","sticky":false,"template":"","format":"standard","meta":{"footnotes":""},"categories":[1587],"tags":[11,672,1804,1805,1803,1777,674,1801,12,1802],"class_list":{"0":"post-504762","1":"post","2":"type-post","3":"status-publish","4":"format-standard","5":"has-post-thumbnail","7":"category-allemagne","8":"tag-actualites","9":"tag-allemagne","10":"tag-bundesrepublik-deutschland","11":"tag-de","12":"tag-deutschland","13":"tag-eu","14":"tag-europe","15":"tag-germany","16":"tag-news","17":"tag-republique-federale-dallemagne"},"share_on_mastodon":{"url":"https:\/\/pubeurope.com\/@fr\/115475039695532023","error":""},"_links":{"self":[{"href":"https:\/\/www.europesays.com\/fr\/wp-json\/wp\/v2\/posts\/504762","targetHints":{"allow":["GET"]}}],"collection":[{"href":"https:\/\/www.europesays.com\/fr\/wp-json\/wp\/v2\/posts"}],"about":[{"href":"https:\/\/www.europesays.com\/fr\/wp-json\/wp\/v2\/types\/post"}],"author":[{"embeddable":true,"href":"https:\/\/www.europesays.com\/fr\/wp-json\/wp\/v2\/users\/2"}],"replies":[{"embeddable":true,"href":"https:\/\/www.europesays.com\/fr\/wp-json\/wp\/v2\/comments?post=504762"}],"version-history":[{"count":0,"href":"https:\/\/www.europesays.com\/fr\/wp-json\/wp\/v2\/posts\/504762\/revisions"}],"wp:featuredmedia":[{"embeddable":true,"href":"https:\/\/www.europesays.com\/fr\/wp-json\/wp\/v2\/media\/504763"}],"wp:attachment":[{"href":"https:\/\/www.europesays.com\/fr\/wp-json\/wp\/v2\/media?parent=504762"}],"wp:term":[{"taxonomy":"category","embeddable":true,"href":"https:\/\/www.europesays.com\/fr\/wp-json\/wp\/v2\/categories?post=504762"},{"taxonomy":"post_tag","embeddable":true,"href":"https:\/\/www.europesays.com\/fr\/wp-json\/wp\/v2\/tags?post=504762"}],"curies":[{"name":"wp","href":"https:\/\/api.w.org\/{rel}","templated":true}]}}