{"id":504766,"date":"2025-11-01T15:01:15","date_gmt":"2025-11-01T15:01:15","guid":{"rendered":"https:\/\/www.europesays.com\/fr\/504766\/"},"modified":"2025-11-01T15:01:15","modified_gmt":"2025-11-01T15:01:15","slug":"353-kg-de-dechets-demballages-plastiques-par-personne-et-par-an-quel-est-le-pays-qui-recycle-le-plus","status":"publish","type":"post","link":"https:\/\/www.europesays.com\/fr\/504766\/","title":{"rendered":"35,3 kg de d\u00e9chets d&#8217;emballages plastiques par personne et par an. Quel est le pays qui recycle le plus ?"},"content":{"rendered":"<p class=\"mb-4 text-lg md:leading-8 break-words\">Les meilleurs recycleurs de l&rsquo;Union europ\u00e9enne ont \u00e9t\u00e9 r\u00e9v\u00e9l\u00e9s, plusieurs pays ayant pulv\u00e9ris\u00e9 leurs objectifs en mati\u00e8re de d\u00e9chets avant l&rsquo;\u00e9ch\u00e9ance de 2030.<\/p>\n<p class=\"mb-4 text-lg md:leading-8 break-words\">Les nouvelles donn\u00e9es d&rsquo;Eurostat montrent que l&rsquo;UE a produit pr\u00e8s de 80 millions de tonnes de d\u00e9chets d&#8217;emballages en 2023, ce qui correspond \u00e0 177,8 kg par habitant. Bien que cela repr\u00e9sente une r\u00e9duction de 8,7 kg par rapport \u00e0 2022, il s&rsquo;agit d&rsquo;une augmentation de 21,2 kg par rapport \u00e0 2013.<\/p>\n<p class=\"mb-4 text-lg md:leading-8 break-words\">Le rapport classe les \u00ab\u00a0d\u00e9chets d&#8217;emballage\u00a0\u00bb dans la cat\u00e9gorie des mat\u00e9riaux utilis\u00e9s pour contenir, manipuler, livrer ou pr\u00e9senter des marchandises. Il s&rsquo;agit notamment des bouteilles en verre, des conteneurs en plastique, des bo\u00eetes de conserve en aluminium, des emballages alimentaires, des palettes en bois et des f\u00fbts.<\/p>\n<p class=\"mb-4 text-lg md:leading-8 break-words\">Sur l&rsquo;ensemble des d\u00e9chets d&#8217;emballages, 40,4 % proviennent du papier et du carton. Viennent ensuite le <a href=\"https:\/\/fr.news.yahoo.com\/principale-utilisation-plastiques-europe-133121762.html\" data-ylk=\"slk:plastique;elm:context_link;itc:0;sec:content-canvas;outcm:mb_qualified_link;_E:mb_qualified_link;ct:story;\" class=\"link  yahoo-link\" target=\"_blank\" rel=\"noopener\"><strong>plastique<\/strong><\/a> (19,8 %), le verre (18,8 %), le bois (15,8 %), le m\u00e9tal (4,9 %) et les \u00ab\u00a0autres emballages\u00a0\u00bb (0,2 %).<\/p>\n<p>Le plus grand recycleur de l&rsquo;UE<\/p>\n<p class=\"mb-4 text-lg md:leading-8 break-words\">En 2023, sept pays de l&rsquo;UE ont atteint l&rsquo;objectif fix\u00e9 pour 2030, \u00e0 savoir recycler au moins 70 % de tous les <a href=\"https:\/\/fr.news.yahoo.com\/gr%C3%A8ce-continue-denterrer-d%C3%A9chets-tra%C3%AEne-085900493.html\" data-ylk=\"slk:d\u00e9chets d&#039;emballages;elm:context_link;itc:0;sec:content-canvas;outcm:mb_qualified_link;_E:mb_qualified_link;ct:story;\" class=\"link  yahoo-link\" target=\"_blank\" rel=\"noopener\"><strong>d\u00e9chets d&#8217;emballages<\/strong><\/a>.<\/p>\n<p class=\"mb-4 text-lg md:leading-8 break-words\">La Belgique a ouvert la voie avec un taux impressionnant de 79,7 %, probablement gr\u00e2ce \u00e0 son syst\u00e8me de collecte des d\u00e9chets \u00ab\u00a0pay-as-you-throw\u00a0\u00bb con\u00e7u pour inciter les r\u00e9sidents \u00e0 recycler.<\/p>\n<p class=\"mb-4 text-lg md:leading-8 break-words\">Ce syst\u00e8me, qui existe depuis 1995, fait payer les m\u00e9nages en fonction de la quantit\u00e9 de d\u00e9chets mixtes ou r\u00e9siduels qu&rsquo;ils produisent.<\/p>\n<p class=\"mb-4 text-lg md:leading-8 break-words\">Le taux varie en fonction de la r\u00e9gion, les habitants de la r\u00e9gion de Flandre payant environ 23 centimes par kilo de d\u00e9chets m\u00e9nagers.<\/p>\n<p class=\"mb-4 text-lg md:leading-8 break-words\">Selon l&rsquo;Agence europ\u00e9enne pour l&rsquo;environnement (AEE), il existe \u00e9galement un syst\u00e8me de consigne volontaire pour certains emballages r\u00e9utilisables, tels que les bouteilles de boisson en verre et les conteneurs industriels.<\/p>\n<p><img alt=\"Graphique montrant le taux de recyclage des d\u00e9chets d'emballages dans l'UE.\" loading=\"lazy\" width=\"808\" height=\"392\" decoding=\"async\" data-nimg=\"1\" class=\"rounded-lg\" style=\"color:transparent\" src=\"https:\/\/www.europesays.com\/fr\/wp-content\/uploads\/2025\/11\/2a5a1dcba5715f5fc9f40a13fb297bff.jpeg\"\/><\/p>\n<p> Graphique montrant le taux de recyclage des d\u00e9chets d&#8217;emballages dans l&rsquo;UE.   &#8211; Eurostat. <\/p>\n<p class=\"mb-4 text-lg md:leading-8 break-words\">Les <a href=\"https:\/\/fr.news.yahoo.com\/fumier-lagriculture-n%C3%A9erlandaise-met-%C3%A0-130144811.html\" data-ylk=\"slk:Pays-Bas;elm:context_link;itc:0;sec:content-canvas;outcm:mb_qualified_link;_E:mb_qualified_link;ct:story;\" class=\"link  yahoo-link\" target=\"_blank\" rel=\"noopener\"><strong>Pays-Bas<\/strong><\/a>arrivent en deuxi\u00e8me position avec un taux de recyclage des d\u00e9chets de 75,8 %, suivis de l&rsquo;Italie (75,6 %), de la R\u00e9publique tch\u00e8que (74,8 %), de la Slov\u00e9nie (73,6 %), de la Slovaquie (71,9 %) et de l&rsquo;Espagne (70,5 %).<\/p>\n<p class=\"mb-4 text-lg md:leading-8 break-words\">Cependant, la Roumanie est loin d&rsquo;avoir atteint les objectifs fix\u00e9s pour 2030, puisqu&rsquo;elle ne recyclera que 37,3 % des d\u00e9chets d&#8217;emballage en 2023.<\/p>\n<p class=\"mb-4 text-lg md:leading-8 break-words\">Le Parlement europ\u00e9en affirme que les pays \u00e0 faible PIB ont historiquement produit de faibles taux de recyclage, car le d\u00e9veloppement de capacit\u00e9s de gestion et de traitement des d\u00e9chets efficaces qui sont \u00ab\u00a0\u00e9conomiquement et \u00e9cologiquement viables\u00a0\u00bb reste un \u00ab\u00a0d\u00e9fi\u00a0\u00bb.<\/p>\n<p>Les sacs de caisse en plastique dans l&rsquo;UE<\/p>\n<p class=\"mb-4 text-lg md:leading-8 break-words\">La directive europ\u00e9enne sur les sacs en plastique vise \u00e0 r\u00e9duire la consommation de <a href=\"https:\/\/fr.euronews.com\/my-europe\/2024\/11\/18\/quel-pays-de-lue-est-le-plus-grand-consommateur-de-sacs-en-plastique-legers\" rel=\"nofollow noopener\" target=\"_blank\" data-ylk=\"slk:sacs de caisse l\u00e9gers;elm:context_link;itc:0;sec:content-canvas\" class=\"link \"><strong>sacs de caisse l\u00e9gers<\/strong><\/a>(\u00e9galement appel\u00e9s LPCB) \u00e0 moins de 40 par habitant d&rsquo;ici 2025. De nombreux supermarch\u00e9s et d\u00e9taillants proposent donc des sacs r\u00e9utilisables aux \u00ab\u00a0parois\u00a0\u00bb plus \u00e9paisses.<\/p>\n<p class=\"mb-4 text-lg md:leading-8 break-words\">Une fois de plus, la Belgique arrive en t\u00eate avec seulement quatre sacs en plastique par habitant en 2023. Elle est suivie par la Pologne (sept sacs par habitant) et le Portugal (14 sacs par habitant).<\/p>\n<p class=\"mb-4 text-lg md:leading-8 break-words\">Toutefois, plusieurs pays d\u00e9passent encore largement les objectifs fix\u00e9s pour 2025, la Lettonie enregistrant un nombre stup\u00e9fiant de 209 sacs en plastique par habitant en 2023.<\/p>\n<p>Pourquoi est-il important de r\u00e9duire les d\u00e9chets ?<\/p>\n<p class=\"mb-4 text-lg md:leading-8 break-words\">Selon l&rsquo;AEE, les d\u00e9chets peuvent avoir des effets n\u00e9gatifs importants sur la sant\u00e9 humaine et l&rsquo;environnement.<\/p>\n<p class=\"mb-4 text-lg md:leading-8 break-words\">L&rsquo;incin\u00e9ration des d\u00e9chets, plut\u00f4t que leur r\u00e9utilisation, a \u00e9t\u00e9 associ\u00e9e \u00e0 une augmentation de la pollution de l&rsquo;air, tandis que la multiplication des d\u00e9charges risque de contaminer l&rsquo;eau et le sol.<\/p>\n<p class=\"mb-4 text-lg md:leading-8 break-words\">\u00ab\u00a0Dans l&rsquo;ensemble, l&rsquo;UE progresse lentement vers une augmentation du recyclage et une diminution de la mise en d\u00e9charge\u00a0\u00bb, indique l&rsquo;AEE.<\/p>\n<p class=\"mb-4 text-lg md:leading-8 break-words\">\u00ab\u00a0Toutefois, la <a href=\"https:\/\/www.eea.europa.eu\/publications\/the-case-for-increasing-recycling\/the-case-for-increasing-recycling\" rel=\"nofollow noopener\" target=\"_blank\" data-ylk=\"slk:r\u00e9alisation des objectifs de l&#039;UE en mati\u00e8re de d\u00e9chets n\u00e9cessite des efforts consid\u00e9rables;elm:context_link;itc:0;sec:content-canvas\" class=\"link \">r\u00e9alisation des objectifs de l&rsquo;UE en mati\u00e8re de d\u00e9chets n\u00e9cessite des efforts consid\u00e9rables<\/a>. Les produits non-recyclables doivent \u00eatre progressivement \u00e9limin\u00e9s et les d\u00e9chets doivent \u00eatre collect\u00e9s s\u00e9par\u00e9ment afin de pouvoir \u00eatre recycl\u00e9s.\u00a0\u00bb<\/p>\n<p class=\"mb-4 text-lg md:leading-8 break-words\">Si environ 90 % des d\u00e9chets de l&rsquo;UE sont trait\u00e9s au niveau national, de grandes quantit\u00e9s sont encore export\u00e9es, principalement \u00e0 des fins de recyclage. Cette situation a suscit\u00e9 des inqui\u00e9tudes quant \u00e0 l&rsquo;aggravation de la pollution dans les pays pauvres.<\/p>\n","protected":false},"excerpt":{"rendered":"Les meilleurs recycleurs de l&rsquo;Union europ\u00e9enne ont \u00e9t\u00e9 r\u00e9v\u00e9l\u00e9s, plusieurs pays ayant pulv\u00e9ris\u00e9 leurs objectifs en mati\u00e8re de&hellip;\n","protected":false},"author":2,"featured_media":504767,"comment_status":"","ping_status":"","sticky":false,"template":"","format":"standard","meta":{"footnotes":""},"categories":[1586],"tags":[11,56454,1777,674,1779,1011,27,62647,12,62646,25,1778,364],"class_list":{"0":"post-504766","1":"post","2":"type-post","3":"status-publish","4":"format-standard","5":"has-post-thumbnail","7":"category-europe","8":"tag-actualites","9":"tag-boites-de-conserve","10":"tag-eu","11":"tag-europe","12":"tag-european-union","13":"tag-fr","14":"tag-france","15":"tag-les-dechets","16":"tag-news","17":"tag-recyclage-des-dechets","18":"tag-republique-francaise","19":"tag-ue","20":"tag-union-europeenne"},"share_on_mastodon":{"url":"https:\/\/pubeurope.com\/@fr\/115475047657102564","error":""},"_links":{"self":[{"href":"https:\/\/www.europesays.com\/fr\/wp-json\/wp\/v2\/posts\/504766","targetHints":{"allow":["GET"]}}],"collection":[{"href":"https:\/\/www.europesays.com\/fr\/wp-json\/wp\/v2\/posts"}],"about":[{"href":"https:\/\/www.europesays.com\/fr\/wp-json\/wp\/v2\/types\/post"}],"author":[{"embeddable":true,"href":"https:\/\/www.europesays.com\/fr\/wp-json\/wp\/v2\/users\/2"}],"replies":[{"embeddable":true,"href":"https:\/\/www.europesays.com\/fr\/wp-json\/wp\/v2\/comments?post=504766"}],"version-history":[{"count":0,"href":"https:\/\/www.europesays.com\/fr\/wp-json\/wp\/v2\/posts\/504766\/revisions"}],"wp:featuredmedia":[{"embeddable":true,"href":"https:\/\/www.europesays.com\/fr\/wp-json\/wp\/v2\/media\/504767"}],"wp:attachment":[{"href":"https:\/\/www.europesays.com\/fr\/wp-json\/wp\/v2\/media?parent=504766"}],"wp:term":[{"taxonomy":"category","embeddable":true,"href":"https:\/\/www.europesays.com\/fr\/wp-json\/wp\/v2\/categories?post=504766"},{"taxonomy":"post_tag","embeddable":true,"href":"https:\/\/www.europesays.com\/fr\/wp-json\/wp\/v2\/tags?post=504766"}],"curies":[{"name":"wp","href":"https:\/\/api.w.org\/{rel}","templated":true}]}}