{"id":504777,"date":"2025-11-01T15:08:13","date_gmt":"2025-11-01T15:08:13","guid":{"rendered":"https:\/\/www.europesays.com\/fr\/504777\/"},"modified":"2025-11-01T15:08:13","modified_gmt":"2025-11-01T15:08:13","slug":"atp-la-grosse-prediction-de-boris-becker-sur-novak-djokovic-sil-continuer-a-jouer-deux-ans-de-plus-il-deviendra-le-joueur-de-tennis-le-plus-populaire-de-tous-les-temps","status":"publish","type":"post","link":"https:\/\/www.europesays.com\/fr\/504777\/","title":{"rendered":"ATP > La grosse pr\u00e9diction de Boris Becker sur Novak Djokovic : \u00ab\u00a0S&rsquo;il continuer \u00e0 jouer deux ans de plus, il deviendra le joueur de tennis le plus populaire de tous les temps\u00a0\u00bb"},"content":{"rendered":"<p>Dans un r\u00e9cent podcast, Boris Becker a fait une pr\u00e9dic\u00adtion concer\u00adnant Novak Djokovic, mais il n\u2019est pas certain que sa th\u00e9orie se v\u00e9rifie \u00e0 l\u2019avenir. Son affir\u00adma\u00adtion devrait d\u2019ailleurs faire couler un peu d\u2019encre.<\/p>\n<p><strong>\u00ab\u202fSon histoire est diff\u00e9\u00adrente. Venant d\u2019un pays diffi\u00adcile, les choses qu\u2019il a accom\u00adplies sont incroyables. Maintenant, il re\u00e7oit le respect qu\u2019il m\u00e9rite. S\u2019il continue \u00e0 jouer deux ans de plus, il deviendra le joueur de tennis le plus popu\u00adlaire de tous les\u00a0temps.\u202f\u00bb<\/strong><\/p>\n<blockquote class=\"twitter-tweet\">\n<p lang=\"en\" dir=\"ltr\">\ud83d\udea8Boris Becker on Novak Djokovic\u00a0:<\/p>\n<p>\u201cHis story is different. coming from a diffi\u00adcult country, the things he\u2019s achieved are incre\u00addible. Now he\u2019s getting the respect he deserves. If he\u2019s around 2 more years he\u2019ll be the most popular tennis player ever. <\/p>\n<p><a href=\"https:\/\/t.co\/6gLuE6eYe3\" data-wpel-link=\"external\" target=\"_blank\" rel=\"nofollow external noopener\">pic.twitter.com\/6gLuE6eYe3<\/a><\/p>\n<p>\u2014 SK (@Djoko_UTD) <a href=\"https:\/\/twitter.com\/Djoko_UTD\/status\/1984298772671979962?ref_src=twsrc%5Etfw\" data-wpel-link=\"external\" target=\"_blank\" rel=\"nofollow external noopener\">October 31,\u00a02025<\/a><\/p><\/blockquote>\n<p>Or, l\u2019his\u00adtoire d\u2019un joueur ne p\u00e8se pas forc\u00e9\u00adment quand on fait le bilan de la popu\u00adla\u00adrit\u00e9 d\u2019une star, Federer en est l\u2019exemple parfait.<\/p>\n<p class=\"post-published-date\" style=\"color: silver; font-size: 75%; text-align: left;\">Publi\u00e9 le samedi 1 novembre 2025 \u00e0 11:56<\/p>\n<p><script async src=\"https:\/\/platform.twitter.com\/widgets.js\" charset=\"utf-8\"><\/script><\/p>\n","protected":false},"excerpt":{"rendered":"Dans un r\u00e9cent podcast, Boris Becker a fait une pr\u00e9dic\u00adtion concer\u00adnant Novak Djokovic, mais il n\u2019est pas certain&hellip;\n","protected":false},"author":2,"featured_media":384045,"comment_status":"","ping_status":"","sticky":false,"template":"","format":"standard","meta":{"footnotes":""},"categories":[1415],"tags":[105,2199,1011,27,60,1467],"class_list":{"0":"post-504777","1":"post","2":"type-post","3":"status-publish","4":"format-standard","5":"has-post-thumbnail","7":"category-tennis","8":"tag-djokovic","9":"tag-federer","10":"tag-fr","11":"tag-france","12":"tag-sports","13":"tag-tennis"},"share_on_mastodon":{"url":"https:\/\/pubeurope.com\/@fr\/115475074469641532","error":""},"_links":{"self":[{"href":"https:\/\/www.europesays.com\/fr\/wp-json\/wp\/v2\/posts\/504777","targetHints":{"allow":["GET"]}}],"collection":[{"href":"https:\/\/www.europesays.com\/fr\/wp-json\/wp\/v2\/posts"}],"about":[{"href":"https:\/\/www.europesays.com\/fr\/wp-json\/wp\/v2\/types\/post"}],"author":[{"embeddable":true,"href":"https:\/\/www.europesays.com\/fr\/wp-json\/wp\/v2\/users\/2"}],"replies":[{"embeddable":true,"href":"https:\/\/www.europesays.com\/fr\/wp-json\/wp\/v2\/comments?post=504777"}],"version-history":[{"count":0,"href":"https:\/\/www.europesays.com\/fr\/wp-json\/wp\/v2\/posts\/504777\/revisions"}],"wp:featuredmedia":[{"embeddable":true,"href":"https:\/\/www.europesays.com\/fr\/wp-json\/wp\/v2\/media\/384045"}],"wp:attachment":[{"href":"https:\/\/www.europesays.com\/fr\/wp-json\/wp\/v2\/media?parent=504777"}],"wp:term":[{"taxonomy":"category","embeddable":true,"href":"https:\/\/www.europesays.com\/fr\/wp-json\/wp\/v2\/categories?post=504777"},{"taxonomy":"post_tag","embeddable":true,"href":"https:\/\/www.europesays.com\/fr\/wp-json\/wp\/v2\/tags?post=504777"}],"curies":[{"name":"wp","href":"https:\/\/api.w.org\/{rel}","templated":true}]}}