{"id":504793,"date":"2025-11-01T15:21:13","date_gmt":"2025-11-01T15:21:13","guid":{"rendered":"https:\/\/www.europesays.com\/fr\/504793\/"},"modified":"2025-11-01T15:21:13","modified_gmt":"2025-11-01T15:21:13","slug":"loick-peyron-fustige-les-skippers-belges-apres-leur-mesaventure-sur-la-transat-cafe-lor","status":"publish","type":"post","link":"https:\/\/www.europesays.com\/fr\/504793\/","title":{"rendered":"Lo\u00efck Peyron fustige les skippers belges apr\u00e8s leur m\u00e9saventure sur la Transat Caf\u00e9 L\u2019Or"},"content":{"rendered":"<p>\n    Double vainqueur de l\u2019\u00e9preuve, le marin fran\u00e7ais de 65 ans a repris de vol\u00e9e les amateurs belges Caroline Dieu et J\u00e9r\u00f4me Delire, \u00e9mus aux larmes apr\u00e8s avoir vu leur voile \u00e9ventr\u00e9e en d\u00e9but de semaine.<\/p>\n<p class=\"fig-paragraph\">Le franc-parler de\u00a0<a href=\"http:\/\/www.lefigaro.fr\/sports\/voile\/vendee-globe\/monstres-marins-pirates-vaisseaux-fantomes-les-confidences-de-loick-peyron-sur-ses-periples-en-mer-20241220\" data-fig-type=\"NewsFlash\" data-gtm-custom-categorie=\"navigation\" data-gtm-custom-action=\"crossclick\" data-gtm-custom-label=\"Contextuel\" data-gtm-event=\"customEventSPE\" data-fig-domain=\"LEFIGARO\" target=\"_blank\" rel=\"noopener\">Lo\u00efck Peyron<\/a>. Ancien double vainqueur de la Transat Caf\u00e9 L\u2019Or (ex-Transat Jacques-Vabre) en 1999 et 2005, le navigateur fran\u00e7ais s\u2019est fendu d\u2019une virulente pique envers le couple belge compos\u00e9 de Caroline Dieu et J\u00e9r\u00f4me Delire. Skippeurs amateurs, ces derniers participent pour la premi\u00e8re fois \u00e0 la grande course au large reliant Le Havre \u00e0 Fort-de-France (Martinique) et ont fait parler d\u2019eux<a href=\"http:\/\/www.lefigaro.fr\/sports\/voile\/transat-cafe-l-or-c-est-un-desastre-un-monocoque-couche-et-sa-voile-dechiree-par-le-survol-d-un-avion-20251030\" data-fig-type=\"NewsFlash\" data-gtm-custom-categorie=\"navigation\" data-gtm-custom-action=\"crossclick\" data-gtm-custom-label=\"Contextuel\" data-gtm-event=\"customEventSPE\" data-fig-domain=\"LEFIGARO\" target=\"_blank\" rel=\"noopener\">\u00a0en partageant leur vive \u00e9motion<\/a>\u00a0apr\u00e8s avoir vu leur voile \u00eatre \u00e9ventr\u00e9e par un avion en d\u00e9but de semaine.<\/p>\n<p class=\"fig-body-link\">\n            \u00c0 lire aussi<br \/>\n        <a class=\"fig-body-link__link\" href=\"http:\/\/www.lefigaro.fr\/sports\/voile\/transat-cafe-l-or-la-marine-nationale-dement-la-version-des-skippers-belges-sur-l-affaire-de-la-voile-dechiree-20251031\" data-fig-type=\"NewsFlash\" data-gtm-custom-categorie=\"navigation\" data-gtm-custom-action=\"crossclick\" data-gtm-custom-label=\"Contextuel\" data-gtm-event=\"customEventSPE\" data-fig-domain=\"LEFIGARO\" target=\"_blank\" rel=\"noopener\"><\/p>\n<p>        Transat Caf\u00e9 L\u2019Or\u00a0: la Marine nationale d\u00e9ment la version des skippers belges sur l\u2019affaire de la voile d\u00e9chir\u00e9e<br \/>\n    <\/a>\n<\/p>\n<p class=\"fig-paragraph\">Une m\u00e9saventure et des larmes qui n\u2019ont visiblement pas \u00e9mu Lo\u00efck Peyron. \u00abPourriez-vous, s\u2019il vous pla\u00eet, \u00e9vitez de larmoyer en public, a lanc\u00e9 l\u2019ex-skipper du Maxi Banque Populaire V sur les r\u00e9seaux sociaux, r\u00e9pondant \u00e0 une publication de Ouest-France. Et vous dire que quand on a le luxe de choisir ses \u2019souffrances\u2019, on n\u2019a pas le droit de s\u2019en plaindre.\u00bb<\/p>\n<p>                                    <a class=\"fig-a11y-skip a11y-hidden\" href=\"#fig-a11y-skip-main-inarticle\"><br \/>\n        Passer la publicit\u00e9<br \/>\n    <\/a><\/p>\n<p>Toujours en course<\/p>\n<p class=\"fig-paragraph\">Vainqueur de la Route du Rhum en 2014, le marin de 65 ans a l\u2019habitude d\u2019interpeller ses confr\u00e8res qui, selon lui, ne devraient pas s\u2019apitoyer sur leur sort \u00e0 partir du moment o\u00f9 ils d\u00e9cident de s\u2019engager en mer. Sauf que, pour le coup, Caroline Dieu &#8211; experte maritime &#8211; et son conjoint J\u00e9r\u00f4me Delire &#8211; skipper professionnel dans la croisi\u00e8re &#8211; restent des amateurs dans cet exercice au large, avec tout de m\u00eame un tour du monde \u00e0 leur actif, r\u00e9alis\u00e9 aussi en couple.<\/p>\n<p class=\"fig-body-link\">\n            \u00c0 lire aussi<br \/>\n        <a class=\"fig-body-link__link\" href=\"http:\/\/www.lefigaro.fr\/sports\/voile\/transat-cafe-l-or-c-est-un-desastre-un-monocoque-couche-et-sa-voile-dechiree-par-le-survol-d-un-avion-20251030\" data-fig-type=\"NewsFlash\" data-gtm-custom-categorie=\"navigation\" data-gtm-custom-action=\"crossclick\" data-gtm-custom-label=\"Contextuel\" data-gtm-event=\"customEventSPE\" data-fig-domain=\"LEFIGARO\" target=\"_blank\" rel=\"noopener\"><\/p>\n<p>        Transat Caf\u00e9 L&rsquo;Or\u00a0: \u00abC\u2019est un d\u00e9sastre\u00bb, un monocoque couch\u00e9 et sa voile d\u00e9chir\u00e9e par le survol d&rsquo;un avion (vid\u00e9o)<br \/>\n    <\/a>\n<\/p>\n<p class=\"fig-paragraph\">Les Belges, qui poursuivent leur aventure malgr\u00e9 les gal\u00e8res sur leur monocoque Innovad.Group &#8211; XLG engag\u00e9 dans la cat\u00e9gorie Class40, pointaient \u00e0 la 39e place de l\u2019\u00e9preuve (sur 41 encore en course) selon le classement mis \u00e0 jour ce samedi \u00e0 14h.<\/p>\n","protected":false},"excerpt":{"rendered":"Double vainqueur de l\u2019\u00e9preuve, le marin fran\u00e7ais de 65 ans a repris de vol\u00e9e les amateurs belges Caroline&hellip;\n","protected":false},"author":2,"featured_media":504794,"comment_status":"","ping_status":"","sticky":false,"template":"","format":"standard","meta":{"footnotes":""},"categories":[9],"tags":[1011,27,60,47132],"class_list":{"0":"post-504793","1":"post","2":"type-post","3":"status-publish","4":"format-standard","5":"has-post-thumbnail","7":"category-sports","8":"tag-fr","9":"tag-france","10":"tag-sports","11":"tag-transat-jacques-vabre"},"share_on_mastodon":{"url":"https:\/\/pubeurope.com\/@fr\/115475125664229547","error":""},"_links":{"self":[{"href":"https:\/\/www.europesays.com\/fr\/wp-json\/wp\/v2\/posts\/504793","targetHints":{"allow":["GET"]}}],"collection":[{"href":"https:\/\/www.europesays.com\/fr\/wp-json\/wp\/v2\/posts"}],"about":[{"href":"https:\/\/www.europesays.com\/fr\/wp-json\/wp\/v2\/types\/post"}],"author":[{"embeddable":true,"href":"https:\/\/www.europesays.com\/fr\/wp-json\/wp\/v2\/users\/2"}],"replies":[{"embeddable":true,"href":"https:\/\/www.europesays.com\/fr\/wp-json\/wp\/v2\/comments?post=504793"}],"version-history":[{"count":0,"href":"https:\/\/www.europesays.com\/fr\/wp-json\/wp\/v2\/posts\/504793\/revisions"}],"wp:featuredmedia":[{"embeddable":true,"href":"https:\/\/www.europesays.com\/fr\/wp-json\/wp\/v2\/media\/504794"}],"wp:attachment":[{"href":"https:\/\/www.europesays.com\/fr\/wp-json\/wp\/v2\/media?parent=504793"}],"wp:term":[{"taxonomy":"category","embeddable":true,"href":"https:\/\/www.europesays.com\/fr\/wp-json\/wp\/v2\/categories?post=504793"},{"taxonomy":"post_tag","embeddable":true,"href":"https:\/\/www.europesays.com\/fr\/wp-json\/wp\/v2\/tags?post=504793"}],"curies":[{"name":"wp","href":"https:\/\/api.w.org\/{rel}","templated":true}]}}