{"id":504813,"date":"2025-11-01T15:33:10","date_gmt":"2025-11-01T15:33:10","guid":{"rendered":"https:\/\/www.europesays.com\/fr\/504813\/"},"modified":"2025-11-01T15:33:10","modified_gmt":"2025-11-01T15:33:10","slug":"a-toulon-le-lou-rugby-continue-de-couler-54-21","status":"publish","type":"post","link":"https:\/\/www.europesays.com\/fr\/504813\/","title":{"rendered":"A Toulon, le LOU Rugby continue de couler (54-21)"},"content":{"rendered":"<p itemprop=\"description\"><strong>Toulon a rendu le plus beau des hommages \u00e0 Andr\u00e9 Herrero. Et c&rsquo;est le LOU Rugby qui en a fait les frais. Ce samedi apr\u00e8s-midi, \u00e0 l&rsquo;occasion de la 9e journ\u00e9e de Top 14, Lyon a \u00e9t\u00e9 balay\u00e9 au stade Mayol (54-21).<\/strong><\/p>\n<p>Il y a des jours avec, et des jours sans. Pour le LOU Rugby, les matchs \u00e0 l&rsquo;ext\u00e9rieur riment souvent avec \u00ab\u00a0sans\u00a0\u00bb, et m\u00eame avec \u00ab\u00a0valise\u00a0\u00bb.<\/p>\n<p>La rencontre de ce samedi \u00e0 Toulon n&rsquo;a pas d\u00e9rog\u00e9 \u00e0 la r\u00e8gle, les hommes de Karim Ghezal ne savent toujours pas voyager cette saison, avec un seul succ\u00e8s \u00e0 l&rsquo;ext\u00e9rieur<\/p>\n<p>Le LOU a ainsi encaiss\u00e9 deux essais de p\u00e9nalit\u00e9 et six essais (Dany Priso \u00e0 la 6e, Brian Alainu&rsquo;uese \u00e0 la 24e, Teddy Baubigny \u00e0 la 38e, Setariki Tuicuvu \u00e0 la 51e, Charles Ollivon \u00e0 la 61e et Mathis Fert\u00e9 \u00e0 la 72e), et n&rsquo;a r\u00e9pliqu\u00e9 qu&rsquo;\u00e0 deux reprises (Jiuta Wainiqolo \u00e0 la 69e et Ethan Dumortier \u00e0 la 74e).<\/p>\n<blockquote class=\"twitter-tweet\"><p>&#13;<\/p>\n<p dir=\"ltr\" lang=\"fr\">TOULON CREUSE L&rsquo;\u00c9CART \ud83d\ude4c<\/p>\n<p>La superbe passe au pied de Serin met sur orbite Tuicuvu, qui file \u00e0 l\u2019essai \ud83e\udd2f<a href=\"https:\/\/twitter.com\/hashtag\/RCTLOU?src=hash&amp;ref_src=twsrc%5Etfw\" target=\"_blank\" rel=\"noopener\">#RCTLOU<\/a> <a href=\"https:\/\/t.co\/6JpQpIOqXa\">pic.twitter.com\/6JpQpIOqXa<\/a><\/p>\n<p>&#13;<br \/>\n\u2014 CANAL+ Rugby (@CanalplusRugby) <a href=\"https:\/\/twitter.com\/CanalplusRugby\/status\/1984636508125417638?ref_src=twsrc%5Etfw\" target=\"_blank\" rel=\"noopener\">November 1, 2025<\/a><\/p><\/blockquote>\n<p>Encore une prestation rat\u00e9e des Rouge et Noir, trop indisciplin\u00e9s et qui coulent \u00e0 pic dans la rade de Toulon.<br \/>C&rsquo;est d\u00e9j\u00e0 la troisi\u00e8me d\u00e9faite d&rsquo;affil\u00e9e pour le LOU Rugby, d\u00e9j\u00e0 surpris \u00e0 domicile samedi dernier par La Rochelle.<\/p>\n<p>La tr\u00eave internationale permettra-t-elle aux Lyonnais de recharger les batteries et trouver les solutions n\u00e9cessaires pour battre Clermont au Matmut Stadium de Gerland le 22 novembre prochain ?<\/p>\n<p>\t\t  <script async src=\"https:\/\/platform.twitter.com\/widgets.js\" charset=\"utf-8\"><\/script><\/p>\n","protected":false},"excerpt":{"rendered":"Toulon a rendu le plus beau des hommages \u00e0 Andr\u00e9 Herrero. Et c&rsquo;est le LOU Rugby qui en&hellip;\n","protected":false},"author":2,"featured_media":504814,"comment_status":"","ping_status":"","sticky":false,"template":"","format":"standard","meta":{"footnotes":""},"categories":[9619],"tags":[1111,11,2813,2190,1109,251,1112,2811,1777,674,118,1011,27,1922,1110,1114,2428,2810,12,241,316,882,25,2812,517,2310,800],"class_list":{"0":"post-504813","1":"post","2":"type-post","3":"status-publish","4":"format-standard","5":"has-post-thumbnail","7":"category-toulon","8":"tag-actu","9":"tag-actualites","10":"tag-article","11":"tag-asvel","12":"tag-breves","13":"tag-culture","14":"tag-depeches","15":"tag-economique","16":"tag-eu","17":"tag-europe","18":"tag-faits-divers","19":"tag-fr","20":"tag-france","21":"tag-info","22":"tag-informations","23":"tag-infos","24":"tag-lyon","25":"tag-lyonmag","26":"tag-news","27":"tag-ol","28":"tag-politique","29":"tag-provence-alpes-cote-dazur","30":"tag-republique-francaise","31":"tag-sociale","32":"tag-sport","33":"tag-toulon","34":"tag-transports"},"share_on_mastodon":{"url":"https:\/\/pubeurope.com\/@fr\/115475172895240965","error":""},"_links":{"self":[{"href":"https:\/\/www.europesays.com\/fr\/wp-json\/wp\/v2\/posts\/504813","targetHints":{"allow":["GET"]}}],"collection":[{"href":"https:\/\/www.europesays.com\/fr\/wp-json\/wp\/v2\/posts"}],"about":[{"href":"https:\/\/www.europesays.com\/fr\/wp-json\/wp\/v2\/types\/post"}],"author":[{"embeddable":true,"href":"https:\/\/www.europesays.com\/fr\/wp-json\/wp\/v2\/users\/2"}],"replies":[{"embeddable":true,"href":"https:\/\/www.europesays.com\/fr\/wp-json\/wp\/v2\/comments?post=504813"}],"version-history":[{"count":0,"href":"https:\/\/www.europesays.com\/fr\/wp-json\/wp\/v2\/posts\/504813\/revisions"}],"wp:featuredmedia":[{"embeddable":true,"href":"https:\/\/www.europesays.com\/fr\/wp-json\/wp\/v2\/media\/504814"}],"wp:attachment":[{"href":"https:\/\/www.europesays.com\/fr\/wp-json\/wp\/v2\/media?parent=504813"}],"wp:term":[{"taxonomy":"category","embeddable":true,"href":"https:\/\/www.europesays.com\/fr\/wp-json\/wp\/v2\/categories?post=504813"},{"taxonomy":"post_tag","embeddable":true,"href":"https:\/\/www.europesays.com\/fr\/wp-json\/wp\/v2\/tags?post=504813"}],"curies":[{"name":"wp","href":"https:\/\/api.w.org\/{rel}","templated":true}]}}