{"id":504817,"date":"2025-11-01T15:35:15","date_gmt":"2025-11-01T15:35:15","guid":{"rendered":"https:\/\/www.europesays.com\/fr\/504817\/"},"modified":"2025-11-01T15:35:15","modified_gmt":"2025-11-01T15:35:15","slug":"comment-un-gps-a-permis-de-retrouver-un-velo-a-6-000-euros","status":"publish","type":"post","link":"https:\/\/www.europesays.com\/fr\/504817\/","title":{"rendered":"comment un GPS a permis de retrouver un v\u00e9lo \u00e0 6 000 euros\u00a0?"},"content":{"rendered":"<p>            Par<br \/>\n        <strong><br \/>\n            <a href=\"https:\/\/actu.fr\/auteur\/lea-pippinato\" title=\"Consulter tous les articles de L\u00e9a Pippinato\" rel=\"nofollow noopener\" target=\"_blank\">L\u00e9a Pippinato<\/a><br \/>\n        <\/strong><\/p>\n<p>        Publi\u00e9 le<\/p>\n<p>            1 nov. 2025 \u00e0 16h24<br \/>\n        ; mis \u00e0 jour le 1 nov. 2025 \u00e0 16h30    <\/p>\n<p><strong>Ce mercredi 29 octobre 2025<\/strong> au matin, une cycliste a alert\u00e9 la police. Son v\u00e9lo avait disparu du garage de son domicile situ\u00e9 pr\u00e8s du Jardin des plantes, \u00e0 <strong>Montpellier<\/strong>. La porte avait \u00e9t\u00e9 fractur\u00e9e. La victime disposait d\u2019un traceur GPS install\u00e9 sur son v\u00e9lo haut de gamme, d\u2019une valeur de 6 000 euros. Elle a donc fourni aux policiers sa localisation pr\u00e9cise.<\/p>\n<p class=\" wall-content\">Les forces de l\u2019ordre ont suivi la trace num\u00e9rique jusqu\u2019au quartier de la Paillade, rue Pierre Cardenal. Le signal les a conduits \u00e0 un immeuble. Le v\u00e9lo se trouvait dans un logement occup\u00e9 ill\u00e9galement, au troisi\u00e8me \u00e9tage.<\/p>\n<p>    <a href=\"https:\/\/www.google.com\/maps\/embed?pb=!1m18!1m12!1m3!1d2887.4481220303096!2d3.816533776461331!3d43.63884417110269!2m3!1f0!2f0!3f0!3m2!1i1024!2i768!4f13.1!3m3!1m2!1s0x12b6ac1b782bff97%3A0x618b6b40a003e7dc!2sRue%20Pierre%20Cardenal%2C%2034080%20Montpellier!5e0!3m2!1sfr!2sfr!4v1761948862838!5m2!1sfr!2sfr\" title=\"Ouvrie le lien\" rel=\"nofollow noopener\" target=\"_blank\">Cliquez ici pour visualiser le contenu<\/a><\/p>\n<p>Le suspect rep\u00e9r\u00e9 gr\u00e2ce aux cam\u00e9ras<\/p>\n<p class=\" wall-content\">Au m\u00eame moment, le centre de supervision urbaine (CSU) a surveill\u00e9 les images de vid\u00e9o-protection de la ville. Les op\u00e9rateurs ont identifi\u00e9 un homme correspondant aux mouvements autour du lieu du vol pr\u00e9sum\u00e9. Sa description a \u00e9t\u00e9 transmise aux agents sur le terrain. Alors que les policiers inspectaient le logement, l\u2019homme rep\u00e9r\u00e9 est entr\u00e9 et portait un autre v\u00e9lo \u00e9lectrique. Interpell\u00e9, il a \u00e9t\u00e9 plac\u00e9 en garde \u00e0 vue et a ni\u00e9 toute implication dans les vols. Il a affirm\u00e9 avoir trouv\u00e9 le premier v\u00e9lo au centre commercial Saint-Paul. Pour le second, il a expliqu\u00e9 l\u2019avoir lou\u00e9 \u00e0 un ami.<\/p>\n<p class=\" wall-content\">L\u2019homme, \u00e2g\u00e9 de 24 ans et en situation irr\u00e9guli\u00e8re, fait l\u2019objet d\u2019une OQTF (obligation de quitter le territoire fran\u00e7ais). Les enqu\u00eateurs tentent d\u00e9sormais d\u2019identifier le propri\u00e9taire du second v\u00e9lo d\u00e9couvert lors de l\u2019intervention.<\/p>\n<p class=\" wall-content\">Personnalisez votre actualit\u00e9 en ajoutant vos villes et m\u00e9dias en favori avec <a href=\"https:\/\/moncompte.actu.fr\" title=\"D\u00e9couvez Mon Actu\" rel=\"nofollow noopener\" data-trk=\"{&quot;cta&quot;:{&quot;action&quot;:&quot;https:\\\/\\\/moncompte.actu.fr&quot;,&quot;category&quot;:&quot;mon compte&quot;,&quot;from&quot;:&quot;article footer&quot;,&quot;name&quot;:&quot;Mon actu&quot;,&quot;type&quot;:&quot;cta&quot;}}\" target=\"_blank\">Mon Actu<\/a>.<\/p>\n","protected":false},"excerpt":{"rendered":"Par L\u00e9a Pippinato Publi\u00e9 le 1 nov. 2025 \u00e0 16h24 ; mis \u00e0 jour le 1 nov. 2025&hellip;\n","protected":false},"author":2,"featured_media":504818,"comment_status":"","ping_status":"","sticky":false,"template":"","format":"standard","meta":{"footnotes":""},"categories":[9599],"tags":[1111,11,1777,674,118,1011,27,2208,12,2680,1072,25,208],"class_list":{"0":"post-504817","1":"post","2":"type-post","3":"status-publish","4":"format-standard","5":"has-post-thumbnail","7":"category-montpellier","8":"tag-actu","9":"tag-actualites","10":"tag-eu","11":"tag-europe","12":"tag-faits-divers","13":"tag-fr","14":"tag-france","15":"tag-montpellier","16":"tag-news","17":"tag-occitanie","18":"tag-police","19":"tag-republique-francaise","20":"tag-velo"},"share_on_mastodon":{"url":"https:\/\/pubeurope.com\/@fr\/115475180769849659","error":""},"_links":{"self":[{"href":"https:\/\/www.europesays.com\/fr\/wp-json\/wp\/v2\/posts\/504817","targetHints":{"allow":["GET"]}}],"collection":[{"href":"https:\/\/www.europesays.com\/fr\/wp-json\/wp\/v2\/posts"}],"about":[{"href":"https:\/\/www.europesays.com\/fr\/wp-json\/wp\/v2\/types\/post"}],"author":[{"embeddable":true,"href":"https:\/\/www.europesays.com\/fr\/wp-json\/wp\/v2\/users\/2"}],"replies":[{"embeddable":true,"href":"https:\/\/www.europesays.com\/fr\/wp-json\/wp\/v2\/comments?post=504817"}],"version-history":[{"count":0,"href":"https:\/\/www.europesays.com\/fr\/wp-json\/wp\/v2\/posts\/504817\/revisions"}],"wp:featuredmedia":[{"embeddable":true,"href":"https:\/\/www.europesays.com\/fr\/wp-json\/wp\/v2\/media\/504818"}],"wp:attachment":[{"href":"https:\/\/www.europesays.com\/fr\/wp-json\/wp\/v2\/media?parent=504817"}],"wp:term":[{"taxonomy":"category","embeddable":true,"href":"https:\/\/www.europesays.com\/fr\/wp-json\/wp\/v2\/categories?post=504817"},{"taxonomy":"post_tag","embeddable":true,"href":"https:\/\/www.europesays.com\/fr\/wp-json\/wp\/v2\/tags?post=504817"}],"curies":[{"name":"wp","href":"https:\/\/api.w.org\/{rel}","templated":true}]}}