{"id":504819,"date":"2025-11-01T15:36:17","date_gmt":"2025-11-01T15:36:17","guid":{"rendered":"https:\/\/www.europesays.com\/fr\/504819\/"},"modified":"2025-11-01T15:36:17","modified_gmt":"2025-11-01T15:36:17","slug":"une-nouvelle-explosion-a-fait-trembler-rouen-le-soir-dhalloween","status":"publish","type":"post","link":"https:\/\/www.europesays.com\/fr\/504819\/","title":{"rendered":"une nouvelle explosion a fait trembler Rouen le soir d&rsquo;Halloween"},"content":{"rendered":"<p>            Par<br \/>\n        <strong><br \/>\n            <a href=\"https:\/\/actu.fr\/auteur\/julien-bouteiller\" title=\"Consulter tous les articles de Julien Bouteiller\" rel=\"nofollow noopener\" target=\"_blank\">Julien Bouteiller<\/a><br \/>\n        <\/strong><\/p>\n<p>        Publi\u00e9 le<\/p>\n<p>            1 nov. 2025 \u00e0 11h07        <\/p>\n<p><strong>M\u00eame mode op\u00e9ratoire, m\u00eame surprise pour les habitants<\/strong>. Durant la soir\u00e9e <strong>d\u2019Halloween<\/strong>, ce vendredi 31 octobre 2025, un nouveau fort bruit d\u2019explosion a \u00e9t\u00e9 entendu dans le centre-ville de <a href=\"https:\/\/actu.fr\/normandie\/rouen_76540\" rel=\"nofollow noopener\" target=\"_blank\">Rouen<\/a>. Une source polici\u00e8re nous confirme que cela semble coller<strong> \u00e0 la s\u00e9rie de d\u00e9tonations survenues ces derniers mois<\/strong>, <a href=\"https:\/\/actu.fr\/normandie\/rouen_76540\/info-76actu-une-nouvelle-explosion-mysterieuse-fait-deux-blesses-a-rouen-ca-commence-a-faire-peur_63333000.html\" rel=\"nofollow noopener\" target=\"_blank\">la derni\u00e8re en date ayant fait deux bless\u00e9s<\/a>.<\/p>\n<p>Une nouvelle explosion dans le centre de Rouen<\/p>\n<p class=\" wall-content\">Cette fois, c\u2019est <strong>aux alentours de 21h<\/strong> qu\u2019une d\u00e9tonation a retenti, probablement due \u00e0 un gros p\u00e9tard d\u2019artifice. L\u2019explosion a eu lieu<strong> rue du Pont Codrille<\/strong>, entre les rues des Faulx et Eau de Robec. Le bruit a \u00e9t\u00e9 entendu dans une bonne partie du centre-ville.<\/p>\n<p class=\" wall-content\"><strong>\u00ab\u00a0Il n\u2019y a pas eu de bless\u00e9, ni de d\u00e9g\u00e2t mat\u00e9riel\u00a0\u00bb,<\/strong> nous indique notre source qui confirme qu\u2019on est bien \u00ab\u00a0sur une s\u00e9rie d\u00e9sormais identifi\u00e9e\u00a0\u00bb qui fait l\u2019objet d\u2019une enqu\u00eate polici\u00e8re.<\/p>\n<p class=\" wall-content\">Une deuxi\u00e8me d\u00e9tonation a \u00e9t\u00e9 entendue dans la m\u00eame soir\u00e9e, selon plusieurs t\u00e9moignages. Mais \u00e0 ce stade, cela n\u2019a pas \u00e9t\u00e9 \u00e9tabli par les policiers.\u00a0<\/p>\n<p>Une s\u00e9rie depuis plusieurs mois<\/p>\n<p class=\" wall-content\">Ces derniers mois, plusieurs \u00e9pisodes similaires sont survenus avec <strong>un sch\u00e9ma qui se r\u00e9p\u00e8te quasiment \u00e0 chaque fois<\/strong> : souvent un soir de f\u00eate (<a href=\"https:\/\/actu.fr\/normandie\/rouen_76540\/pendant-la-fete-de-la-musique-a-rouen-une-boutique-soufflee-par-une-explosion-enorme_62809343.html\" rel=\"nofollow noopener\" target=\"_blank\">comme la F\u00eate de la musique<\/a>), un gros p\u00e9tard est plac\u00e9 dans une petite rue du centre-ville, explose occasionnant un bruit fort et des d\u00e9g\u00e2ts plus ou moins importants.\u00a0<\/p>\n<p>Vid\u00e9os : en ce moment sur Actu<\/p>\n<p class=\" wall-content\"><strong>Plusieurs plaintes ont d\u00e9j\u00e0 \u00e9t\u00e9 d\u00e9pos\u00e9es<\/strong> aupr\u00e8s des services de police, et d\u00e9sormais, ce sont les riverains inquiets, qui s\u2019en saisissent au travers d\u2019une p\u00e9tition. Nous l\u2019aborderons dans un prochain article.<\/p>\n<p>Votre r\u00e9gion, votre actu !<\/p>\n<p>Recevez chaque jour les infos qui comptent pour vous.<\/p>\n<p>\t<a href=\"https:\/\/actu.fr\/newsletter\" class=\"ac-btn ac-btn--corner ac-btn--medium ac-btn--blue800\" rel=\"nofollow noopener\" target=\"_blank\">S&rsquo;incrire<\/a><br \/>\nSuivez l\u2019actualit\u00e9 de Rouen <a href=\"https:\/\/www.whatsapp.com\/channel\/0029VaKfnf99hXF2ddApFB1D\" rel=\"nofollow noopener\" target=\"_blank\">sur notre cha\u00eene WhatsApp<\/a> et <a href=\"https:\/\/www.tiktok.com\/@76actu.fr?lang=fr\" rel=\"nofollow noopener\" target=\"_blank\">sur notre compte TikTok<\/a><\/p>\n<p class=\" wall-content\">Personnalisez votre actualit\u00e9 en ajoutant vos villes et m\u00e9dias en favori avec <a href=\"https:\/\/moncompte.actu.fr\" title=\"D\u00e9couvez Mon Actu\" rel=\"nofollow noopener\" data-trk=\"{&quot;cta&quot;:{&quot;action&quot;:&quot;https:\\\/\\\/moncompte.actu.fr&quot;,&quot;category&quot;:&quot;mon compte&quot;,&quot;from&quot;:&quot;article footer&quot;,&quot;name&quot;:&quot;Mon actu&quot;,&quot;type&quot;:&quot;cta&quot;}}\" target=\"_blank\">Mon Actu<\/a>.<\/p>\n<p>                    <script async src=\"\/\/www.tiktok.com\/embed.js\"><\/script><\/p>\n","protected":false},"excerpt":{"rendered":"Par Julien Bouteiller Publi\u00e9 le 1 nov. 2025 \u00e0 11h07 M\u00eame mode op\u00e9ratoire, m\u00eame surprise pour les habitants.&hellip;\n","protected":false},"author":2,"featured_media":504820,"comment_status":"","ping_status":"","sticky":false,"template":"","format":"standard","meta":{"footnotes":""},"categories":[9587],"tags":[1111,11,1777,674,118,1011,27,12,5161,1072,25,9590],"class_list":{"0":"post-504819","1":"post","2":"type-post","3":"status-publish","4":"format-standard","5":"has-post-thumbnail","7":"category-rouen","8":"tag-actu","9":"tag-actualites","10":"tag-eu","11":"tag-europe","12":"tag-faits-divers","13":"tag-fr","14":"tag-france","15":"tag-news","16":"tag-normandie","17":"tag-police","18":"tag-republique-francaise","19":"tag-rouen"},"share_on_mastodon":{"url":"https:\/\/pubeurope.com\/@fr\/115475184733688160","error":""},"_links":{"self":[{"href":"https:\/\/www.europesays.com\/fr\/wp-json\/wp\/v2\/posts\/504819","targetHints":{"allow":["GET"]}}],"collection":[{"href":"https:\/\/www.europesays.com\/fr\/wp-json\/wp\/v2\/posts"}],"about":[{"href":"https:\/\/www.europesays.com\/fr\/wp-json\/wp\/v2\/types\/post"}],"author":[{"embeddable":true,"href":"https:\/\/www.europesays.com\/fr\/wp-json\/wp\/v2\/users\/2"}],"replies":[{"embeddable":true,"href":"https:\/\/www.europesays.com\/fr\/wp-json\/wp\/v2\/comments?post=504819"}],"version-history":[{"count":0,"href":"https:\/\/www.europesays.com\/fr\/wp-json\/wp\/v2\/posts\/504819\/revisions"}],"wp:featuredmedia":[{"embeddable":true,"href":"https:\/\/www.europesays.com\/fr\/wp-json\/wp\/v2\/media\/504820"}],"wp:attachment":[{"href":"https:\/\/www.europesays.com\/fr\/wp-json\/wp\/v2\/media?parent=504819"}],"wp:term":[{"taxonomy":"category","embeddable":true,"href":"https:\/\/www.europesays.com\/fr\/wp-json\/wp\/v2\/categories?post=504819"},{"taxonomy":"post_tag","embeddable":true,"href":"https:\/\/www.europesays.com\/fr\/wp-json\/wp\/v2\/tags?post=504819"}],"curies":[{"name":"wp","href":"https:\/\/api.w.org\/{rel}","templated":true}]}}