{"id":504821,"date":"2025-11-01T15:37:10","date_gmt":"2025-11-01T15:37:10","guid":{"rendered":"https:\/\/www.europesays.com\/fr\/504821\/"},"modified":"2025-11-01T15:37:10","modified_gmt":"2025-11-01T15:37:10","slug":"nouveautes-insolites-tout-savoir-sur-les-beerdays-et-le-salon-gourmand-a-rouen","status":"publish","type":"post","link":"https:\/\/www.europesays.com\/fr\/504821\/","title":{"rendered":"Nouveaut\u00e9s, insolites&#8230; Tout savoir sur les Beerdays et le Salon gourmand \u00e0 Rouen"},"content":{"rendered":"<p>            Par<br \/>\n        <strong><br \/>\n            <a href=\"https:\/\/actu.fr\/auteur\/jessie-leclerc\" title=\"Consulter tous les articles de Jessie Leclerc\" target=\"_blank\" rel=\"noopener\">Jessie Leclerc<\/a><br \/>\n        <\/strong><\/p>\n<p>        Publi\u00e9 le<\/p>\n<p>            1 nov. 2025 \u00e0 16h07        <\/p>\n<p>Du vendredi\u00a07 au dimanche 9\u00a0novembre 2025, les bons vivants pourront <a href=\"https:\/\/actu.fr\/normandie\/rouen_76540\/le-parc-des-expositions-de-rouen-fait-sa-rentree-voici-les-rendez-vous-a-noter_63134624.html\" target=\"_blank\" rel=\"noopener\">se retrouver au Parc-Expo de Rouen (Seine-Maritime)<\/a> pour c\u00e9l\u00e9brer la cuisine et les produits du terroir. <strong>De l\u2019ap\u00e9ritif au dessert<\/strong>, escargots, fromages, vins, bi\u00e8res ou encore chocolats\u00a0r\u00e9uniront 250\u00a0exposants sur 10\u2009000\u00a0m2. Et si <strong>depuis 27\u00a0ans<\/strong>, le salon mise sur la tradition, il cherche aussi \u00e0 se r\u00e9inventer. Voici une s\u00e9lection de stands et d\u2019animations qui en t\u00e9moignent.<\/p>\n<p>Trois univers<\/p>\n<p class=\" wall-content\">Le Hall 1 sera enti\u00e8rement consacr\u00e9 <a href=\"https:\/\/actu.fr\/normandie\/darnetal_76212\/aromes-et-passions-une-nouvelle-enseigne-est-arrivee-a-darnetal_63330705.html\" target=\"_blank\" rel=\"noopener\">aux vins<\/a> et <strong>produits du terroir<\/strong>. 160 exposants venus de toute la France et d\u2019ailleurs y proposeront les classiques saucissons, fromages, foie gras, mais surtout des vins. Quelques petites originalit\u00e9s s\u2019ajoutent au menu\u2009: escargots, algues brunes, poivres normands\u2026<\/p>\n<p class=\" wall-content\">Dans le Hall 2, place <strong>aux chocolats et aux plaisirs sucr\u00e9s<\/strong>, o\u00f9 une cinquantaine d\u2019artisans, chocolatiers, p\u00e2tissiers et confiseurs, rempliront les estomacs des visiteurs.<\/p>\n<p class=\" wall-content\">Et c\u2019est dans ce m\u00eame hall que se tiendront les Beerdays, dites journ\u00e9es de la bi\u00e8re. <a href=\"https:\/\/actu.fr\/societe\/on-ne-peut-pas-se-degager-de-salaire-pourquoi-la-seine-maritime-produit-de-moins-en-moins-de-biere_62434346.html\" target=\"_blank\" rel=\"noopener\">Une quarantaine de brasseurs<\/a> installeront leurs stands dans les all\u00e9es du Parc Expo pour pr\u00e9senter leurs cr\u00e9ations des plus classiques aux plus audacieuses.<\/p>\n<p class=\" wall-content\">Le samedi soir, le public retrouvera la nocturne festive anim\u00e9e par <strong>le groupe BTP (Brailleurs de Tubes Populaires)<\/strong> qui d\u00e9ambulera au rythme d\u2019airs que chacun a forc\u00e9ment d\u00e9j\u00e0 entendu.<\/p>\n<p>Trois stands qui sortent vraiment du lot<\/p>\n<p class=\" wall-content\">Difficile de parler <strong>du Salon gourmand<\/strong> sans \u00e9voquer quelques insolites.<\/p>\n<p class=\" wall-content\">Le stand Du Lard et du Cochon et <a href=\"https:\/\/actu.fr\/normandie\/rouen_76540\/manger-a-moins-de-10-euros-a-rouen-voici-10-adresses-pour-se-faire-plaisir-sans-se-ruiner_63208526.html\" target=\"_blank\" rel=\"noopener\">ses sandwichs<\/a> \u00e0 la <strong>raclette<\/strong> est l\u2019un des plus attendus. \u00ab\u2009C\u2019est vraiment le rendez-vous\u2009\u00bb, d\u00e9crit C\u00e9cile Dupire. \u00ab\u2009D\u00e8s 11h, la file s\u2019\u00e9tire, et \u00e7a ne s\u2019arr\u00eate plus jusqu\u2019\u00e0 15h. En plus avec le froid qui revient, c\u2019est r\u00e9confortant. Puis c\u2019est pratique, on peut manger en continuant de d\u00e9ambuler.\u2009\u00bb<\/p>\n<p>Votre r\u00e9gion, votre actu !<\/p>\n<p>Recevez chaque jour les infos qui comptent pour vous.<\/p>\n<p>\t<a href=\"https:\/\/actu.fr\/newsletter\" class=\"ac-btn ac-btn--corner ac-btn--medium ac-btn--blue800\" target=\"_blank\" rel=\"noopener\">S&rsquo;incrire<\/a><\/p>\n<p class=\" wall-content\">Autre d\u00e9couverte,<strong> l\u2019univers de la cacahu\u00e8te<\/strong>. La marque Hu\u00e8te\u2019Ca, cr\u00e9\u00e9e en avril 2024 par Hugo Remy, un Seinomarin d\u2019une vingtaine d\u2019ann\u00e9es, r\u00e9invente cette dr\u00f4le de graine \u00e0 toutes les sauces sucr\u00e9es, sal\u00e9es et m\u00eame crues. D\u00e9j\u00e0 rep\u00e9r\u00e9 sur les march\u00e9s et en point de vente \u00e0 La Ruche qui dit Oui, le <strong>jeune artisan<\/strong> pose ses bagages pour la premi\u00e8re fois sur le Salon.<\/p>\n<p class=\" wall-content\">C\u00f4t\u00e9 houblon, la <a href=\"https:\/\/actu.fr\/normandie\/rouen_76540\/ce-projet-de-brewpub-tout-pres-de-rouen-va-ravir-les-amateurs-de-biere_50295870.html\" target=\"_blank\" rel=\"noopener\">brasserie 1989<\/a> fond\u00e9e en 2019 et install\u00e9e depuis 2022 \u00e0 Saint-\u00c9tienne-du-Rouvray, attire les regards avec ses emballages. \u00ab\u2009On voit ses packagings de loin, c\u2019est tr\u00e8s graphique\u2009\u00bb, pr\u00e9cise C\u00e9cile. Fond\u00e9e par trois amis nostalgiques des ann\u00e9es 80-90, la microbrasserie multiplie les saveurs de bi\u00e8res et propose aussi des \u00e9ditions \u00e9ph\u00e9m\u00e8res inspir\u00e9es de la <strong>pop culture<\/strong>. \u00ab\u2009On a d\u00e9j\u00e0 pu voir Les Simpson, Dragon Ball\u2026 C\u2019est assez marrant\u2009\u00bb, ajoute la coorganisatrice.<\/p>\n<p>Des animations \u00e0 la louche<\/p>\n<p class=\" wall-content\">L\u2019\u00e9v\u00e9nement, soutenu par la Ville de Rouen, <strong>la seule de France labellis\u00e9e Ville cr\u00e9ative Unesco en mati\u00e8re de gastronomie<\/strong>, met l\u2019honneur les producteurs normands, identifiables avec leur logo \u00ab\u2009Normandie\u2009\u00bb. Mais c\u2019est aussi la cuisine de tout l\u2019hexagone et du monde entier qui mijotera tout le week-end.<\/p>\n<p class=\" wall-content\">Le Hall 3 accueillera des <strong>shows culinaires<\/strong> de chefs, dont la Norv\u00e9gienne Liliana Haaland qui produira, chaque jour, une d\u00e9monstration en temps r\u00e9el. Le chef du <a href=\"https:\/\/actu.fr\/normandie\/rouen_76540\/on-a-teste-le-mojo-nouveau-bouillon-de-rouen-qui-rappelle-que-le-celeri-remoulade-c-est-bon_60911908.html\" target=\"_blank\" rel=\"noopener\">bouillon rouennais le Mojo<\/a>, Christophe Pillorget, participera \u00e9galement aux d\u00e9monstrations.<\/p>\n<p class=\" wall-content\">Les \u00e9l\u00e8ves de <a href=\"https:\/\/actu.fr\/normandie\/canteleu_76157\/qui-est-georges-baptiste-qui-donne-son-nom-au-lycee-hotelier-de-canteleu_62224696.html\" target=\"_blank\" rel=\"noopener\">lyc\u00e9e George Baptiste<\/a> seront aussi de la partie, tout comme l\u2019Ordre des Canardiers, gardien de la tradition du<strong> caneton \u00e0 la rouennaise<\/strong>. Les visiteurs pourront d\u00e9couvrir la pratique et d\u00e9guster. \u00ab\u2009Les canetons crus sont press\u00e9s avec une roue pour r\u00e9cup\u00e9rer le sang et en faire une sauce\u2009\u00bb. \u00c2mes sensibles s\u2019abstenir\u2009!<\/p>\n<p class=\" wall-content\">Pour ceux qui pr\u00e9f\u00e8rent la pratique \u00e0 l\u2019observation, des <strong>ateliers cuisine<\/strong> ponctueront le week-end\u2009: foie gras, p\u00e2tisserie, brunch, plats v\u00e9g\u00e9tariens\u2026 Anim\u00e9s par le collectif C2laCuisine, ils sont accessibles d\u00e8s 19\u00a0euros et \u00e0 partir de 12\u00a0ans. Inscription obligatoire, <a href=\"https:\/\/infomaniak.events\/fr-ch\/group\/aac78f63-d38b-44ba-a2b6-c64c3c022576\" target=\"_blank\" rel=\"noopener\">en cliquant ici<\/a>.<\/p>\n<p class=\" wall-content\">Et pour ceux qui ne seraient pas encore assez cal\u00e9s en mati\u00e8re de bi\u00e8re, le zythologue, comprenez <strong>expert de la bi\u00e8re<\/strong>, Florent Brischoux proposera des ateliers pour apprendre \u00e0 reconna\u00eetre une bonne bi\u00e8re et l\u2019accorder au bon plat. Ces ateliers sont r\u00e9serv\u00e9s aux personnes majeures. L\u2019inscription se fait sur place aupr\u00e8s de l\u2019accueil.<\/p>\n<p>Pr\u00e8s de 40\u2009000\u00a0visiteurs attendus<\/p>\n<p class=\" wall-content\">\u00ab\u2009C\u2019est un Salon qui rassemble vraiment tout le monde, en famille parfois sur trois ou quatre g\u00e9n\u00e9rations\u2009\u00bb, affirme C\u00e9cile Dupire.<\/p>\n<p class=\" wall-content\">De fait, le Salon gourmand attire chaque ann\u00e9e pr\u00e8s de 40\u2009000 visiteurs du d\u00e9partement, mais aussi de l\u2019Eure, d\u2019\u00cele-de-France et de la Somme.<\/p>\n<p>Au Parc-Expo, Av. des Canadiens au Grand-Quevilly. Parking gratuit. Plein tarif\u2009: 8\u00a0euros. Tarif r\u00e9duit et e billets\u2009: 7\u00a0euros. Gratuit pour les \u2013 de 12\u00a0ans. <a href=\"https:\/\/ticketevent.fr\/sgr25\/public-1\" target=\"_blank\" rel=\"noopener\">Billetterie ici<\/a>.<br \/><strong>Horaires\u2009:<\/strong><br \/>\nVendredi\u00a07 nov.\u2009: 10h-22h, samedi\u00a08\u2009: 10h-20h et 22h (Beerdays) et dimanche\u00a09\u2009: 10h-19h.Suivez l\u2019actualit\u00e9 de Rouen <a href=\"https:\/\/www.whatsapp.com\/channel\/0029VaKfnf99hXF2ddApFB1D\" target=\"_blank\" rel=\"noopener\">sur notre cha\u00eene WhatsApp<\/a> et <a href=\"https:\/\/www.tiktok.com\/@76actu.fr?lang=fr\" target=\"_blank\" rel=\"noopener\">sur notre compte TikTok<\/a><\/p>\n<p class=\" wall-content\">Personnalisez votre actualit\u00e9 en ajoutant vos villes et m\u00e9dias en favori avec <a href=\"https:\/\/moncompte.actu.fr\" title=\"D\u00e9couvez Mon Actu\" rel=\"nofollow noopener\" data-trk=\"{&quot;cta&quot;:{&quot;action&quot;:&quot;https:\\\/\\\/moncompte.actu.fr&quot;,&quot;category&quot;:&quot;mon compte&quot;,&quot;from&quot;:&quot;article footer&quot;,&quot;name&quot;:&quot;Mon actu&quot;,&quot;type&quot;:&quot;cta&quot;}}\" target=\"_blank\">Mon Actu<\/a>.<\/p>\n<p>                    <script async src=\"\/\/www.tiktok.com\/embed.js\"><\/script><\/p>\n","protected":false},"excerpt":{"rendered":"Par Jessie Leclerc Publi\u00e9 le 1 nov. 2025 \u00e0 16h07 Du vendredi\u00a07 au dimanche 9\u00a0novembre 2025, les bons&hellip;\n","protected":false},"author":2,"featured_media":504822,"comment_status":"","ping_status":"","sticky":false,"template":"","format":"standard","meta":{"footnotes":""},"categories":[9587],"tags":[1111,11,9086,1777,674,1011,27,1652,12,5161,9636,25,9590,16812],"class_list":{"0":"post-504821","1":"post","2":"type-post","3":"status-publish","4":"format-standard","5":"has-post-thumbnail","7":"category-rouen","8":"tag-actu","9":"tag-actualites","10":"tag-bon-plan-a-rouen","11":"tag-eu","12":"tag-europe","13":"tag-fr","14":"tag-france","15":"tag-loisirs-culture","16":"tag-news","17":"tag-normandie","18":"tag-parc-expo-de-rouen","19":"tag-republique-francaise","20":"tag-rouen","21":"tag-terroir"},"share_on_mastodon":{"url":"https:\/\/pubeurope.com\/@fr\/115475188505433063","error":""},"_links":{"self":[{"href":"https:\/\/www.europesays.com\/fr\/wp-json\/wp\/v2\/posts\/504821","targetHints":{"allow":["GET"]}}],"collection":[{"href":"https:\/\/www.europesays.com\/fr\/wp-json\/wp\/v2\/posts"}],"about":[{"href":"https:\/\/www.europesays.com\/fr\/wp-json\/wp\/v2\/types\/post"}],"author":[{"embeddable":true,"href":"https:\/\/www.europesays.com\/fr\/wp-json\/wp\/v2\/users\/2"}],"replies":[{"embeddable":true,"href":"https:\/\/www.europesays.com\/fr\/wp-json\/wp\/v2\/comments?post=504821"}],"version-history":[{"count":0,"href":"https:\/\/www.europesays.com\/fr\/wp-json\/wp\/v2\/posts\/504821\/revisions"}],"wp:featuredmedia":[{"embeddable":true,"href":"https:\/\/www.europesays.com\/fr\/wp-json\/wp\/v2\/media\/504822"}],"wp:attachment":[{"href":"https:\/\/www.europesays.com\/fr\/wp-json\/wp\/v2\/media?parent=504821"}],"wp:term":[{"taxonomy":"category","embeddable":true,"href":"https:\/\/www.europesays.com\/fr\/wp-json\/wp\/v2\/categories?post=504821"},{"taxonomy":"post_tag","embeddable":true,"href":"https:\/\/www.europesays.com\/fr\/wp-json\/wp\/v2\/tags?post=504821"}],"curies":[{"name":"wp","href":"https:\/\/api.w.org\/{rel}","templated":true}]}}