{"id":504829,"date":"2025-11-01T15:42:30","date_gmt":"2025-11-01T15:42:30","guid":{"rendered":"https:\/\/www.europesays.com\/fr\/504829\/"},"modified":"2025-11-01T15:42:30","modified_gmt":"2025-11-01T15:42:30","slug":"a-strasbourg-les-commerces-seront-ouverts-ce-samedi-1er-novembre","status":"publish","type":"post","link":"https:\/\/www.europesays.com\/fr\/504829\/","title":{"rendered":"\u00e0 Strasbourg, les commerces seront ouverts ce samedi 1er novembre !"},"content":{"rendered":"<p>    <img loading=\"lazy\" width=\"1800\" height=\"900\" src=\"https:\/\/www.europesays.com\/fr\/wp-content\/uploads\/2025\/08\/jeanne-callthepolice.jpg\" class=\"attachment-full size-full\" alt=\"\" id=\"imageLove\" decoding=\"async\"  \/><\/p>\n<p id=\"breadcrumbs\"><a href=\"https:\/\/pokaa.fr\/\" rel=\"nofollow noopener\" target=\"_blank\">Accueil<\/a> \/ <a href=\"https:\/\/pokaa.fr\/categories\/actu\/\" rel=\"nofollow noopener\" target=\"_blank\">Info locale<\/a> \/ Jour f\u00e9ri\u00e9 : \u00e0 Strasbourg, les commerces seront ouverts ce samedi 1er novembre !<\/p>\n<p>                    Info locale<\/p>\n<p><strong>Comme chaque ann\u00e9e, la Toussaint est c\u00e9l\u00e9br\u00e9e le 1er novembre et ce jour f\u00e9ri\u00e9 tombe en 2025 sur un samedi. N\u00e9anmoins, dans le cadre de la Journ\u00e9e de solidarit\u00e9, de nombreux commerces seront ouverts \u00e0 Strasbourg. On fait le point.\u00a0<\/strong><\/p>\n<p>Vous vous \u00eates peut-\u00eatre d\u00e9j\u00e0 pos\u00e9 la question : <strong>on fait quoi ce samedi ?<\/strong> \u00c7a tombe bien, car dans la capitale alsacienne, <strong>les commerces ne comptent pas fermer boutique en ce 1er novembre<\/strong>.<\/p>\n<p>En effet, <strong>malgr\u00e9 le jour f\u00e9ri\u00e9<\/strong>, de nombreux\/ses professionnel(le)s comptent bien ouvrir leurs portes dans le cadre de la Journ\u00e9e de solidarit\u00e9. Parfois avec des horaires adapt\u00e9s !<\/p>\n<p>    <img width=\"800\" height=\"600\" src=\"https:\/\/www.europesays.com\/fr\/wp-content\/uploads\/2025\/07\/img-9422-800x600.jpg\" class=\"attachment-image-size-L size-image-size-L\" alt=\"cath\u00e9drale quai des Bateliers\" decoding=\"async\" loading=\"lazy\"  \/>         \u00a9 Anthony Jilli \/ Pokaa <\/p>\n<p>Une journ\u00e9e pour fl\u00e2ner et faire des emplettes<\/p>\n<p>Dans les grandes lignes, <strong>voici quelques lieux \u00e0 (re)d\u00e9couvrir ce samedi<\/strong> \u00e0 Strasbourg et ses environs :<\/p>\n<ul>\n<li>Rivetoile<\/li>\n<li>Place des Halles<\/li>\n<li>Aushopping Hautepierre (Auchan)<\/li>\n<li>Aushopping Illkirch (Auchan)<\/li>\n<li>Galeries Lafayette<\/li>\n<li>Fnac<\/li>\n<li>Shopping Promenade Coeur Alsace<\/li>\n<\/ul>\n<p><strong>Plusieurs boutiques ind\u00e9pendantes seront \u00e9galement ouvertes.<\/strong> Pour en savoir plus, vous pouvez regarder les r\u00e9seaux sociaux ou les sites web de vos enseignes pr\u00e9f\u00e9r\u00e9es !<\/p>\n<p>                <img width=\"888\" height=\"500\" src=\"https:\/\/www.europesays.com\/fr\/wp-content\/uploads\/2025\/11\/img-3889-888x500.jpg\" class=\"attachment-gallery size-gallery\" alt=\"Place des Halles\" data-full-url=\"https:\/\/pokaa.fr\/wp-content\/uploads\/2022\/10\/img-3889.jpg\" decoding=\"async\" loading=\"lazy\"  \/>            <\/p>\n<p>                <img width=\"375\" height=\"500\" src=\"https:\/\/www.europesays.com\/fr\/wp-content\/uploads\/2025\/11\/74f0e5f1-4f54-4cb4-967d-b6bda71961cd-375x500.jpeg\" class=\"attachment-gallery size-gallery\" alt=\"shopping promenade\" data-full-url=\"https:\/\/pokaa.fr\/wp-content\/uploads\/2025\/09\/23\/74f0e5f1-4f54-4cb4-967d-b6bda71961cd.jpeg\" decoding=\"async\" loading=\"lazy\"  \/>            <\/p>\n<p>                <img width=\"750\" height=\"500\" src=\"https:\/\/www.europesays.com\/fr\/wp-content\/uploads\/2025\/11\/dsc00008-750x500.jpg\" class=\"attachment-gallery size-gallery\" alt=\"place Kl\u00e9ber Fnac maison rouge\" data-full-url=\"https:\/\/pokaa.fr\/wp-content\/uploads\/2025\/04\/28\/dsc00008.jpg\" decoding=\"async\" loading=\"lazy\"  \/>            <\/p>\n<p>                    1. \u00a9 David Lev\u00eaque \/ Pokaa ; 2. 3. \u00a9 Anthony Jilli \/ Pokaa<\/p>\n<p>Un bon plan pour le stationnement<\/p>\n<p>Depuis le 28 juin et jusqu\u2019au 15 novembre 2025,<b> les parkings-relais de Strasbourg sont gratuits tous les samedis,<\/b> \u00e0 condition de faire au moins 20\u20ac d\u2019achat dans les commerces du centre-ville. On vous explique tout juste ici :<\/p>\n<p>                <a href=\"https:\/\/pokaa.fr\/2025\/07\/01\/bon-plan-a-strasbourg-jusquen-novembre-les-11-parkings-relais-sont-gratuits-les-samedis\/\" rel=\"nofollow noopener\" target=\"_blank\"><br \/>\n                    <img width=\"450\" height=\"270\" src=\"https:\/\/www.europesays.com\/fr\/wp-content\/uploads\/2025\/07\/img-0135-copie-2-450x270.jpg\" class=\"attachment-card-horizontal--same-subject size-card-horizontal--same-subject wp-post-image\" alt=\"parking relais voiture\" decoding=\"async\" loading=\"lazy\"\/>                <\/a><\/p>\n<p><strong>Bon shopping !\u00a0<\/strong><\/p>\n","protected":false},"excerpt":{"rendered":"Accueil \/ Info locale \/ Jour f\u00e9ri\u00e9 : \u00e0 Strasbourg, les commerces seront ouverts ce samedi 1er novembre&hellip;\n","protected":false},"author":2,"featured_media":504830,"comment_status":"","ping_status":"","sticky":false,"template":"","format":"standard","meta":{"footnotes":""},"categories":[2820],"tags":[1111,11,61861,1777,674,1011,27,775,62652,12,25,6720,640,58524],"class_list":{"0":"post-504829","1":"post","2":"type-post","3":"status-publish","4":"format-standard","5":"has-post-thumbnail","7":"category-strasbourg","8":"tag-actu","9":"tag-actualites","10":"tag-direct-strasbourg","11":"tag-eu","12":"tag-europe","13":"tag-fr","14":"tag-france","15":"tag-grand-est","16":"tag-magasins-ouverts","17":"tag-news","18":"tag-republique-francaise","19":"tag-shopping","20":"tag-strasbourg","21":"tag-strasbourg-actualite"},"share_on_mastodon":{"url":"https:\/\/pubeurope.com\/@fr\/115475208886554680","error":""},"_links":{"self":[{"href":"https:\/\/www.europesays.com\/fr\/wp-json\/wp\/v2\/posts\/504829","targetHints":{"allow":["GET"]}}],"collection":[{"href":"https:\/\/www.europesays.com\/fr\/wp-json\/wp\/v2\/posts"}],"about":[{"href":"https:\/\/www.europesays.com\/fr\/wp-json\/wp\/v2\/types\/post"}],"author":[{"embeddable":true,"href":"https:\/\/www.europesays.com\/fr\/wp-json\/wp\/v2\/users\/2"}],"replies":[{"embeddable":true,"href":"https:\/\/www.europesays.com\/fr\/wp-json\/wp\/v2\/comments?post=504829"}],"version-history":[{"count":0,"href":"https:\/\/www.europesays.com\/fr\/wp-json\/wp\/v2\/posts\/504829\/revisions"}],"wp:featuredmedia":[{"embeddable":true,"href":"https:\/\/www.europesays.com\/fr\/wp-json\/wp\/v2\/media\/504830"}],"wp:attachment":[{"href":"https:\/\/www.europesays.com\/fr\/wp-json\/wp\/v2\/media?parent=504829"}],"wp:term":[{"taxonomy":"category","embeddable":true,"href":"https:\/\/www.europesays.com\/fr\/wp-json\/wp\/v2\/categories?post=504829"},{"taxonomy":"post_tag","embeddable":true,"href":"https:\/\/www.europesays.com\/fr\/wp-json\/wp\/v2\/tags?post=504829"}],"curies":[{"name":"wp","href":"https:\/\/api.w.org\/{rel}","templated":true}]}}