{"id":504837,"date":"2025-11-01T15:47:13","date_gmt":"2025-11-01T15:47:13","guid":{"rendered":"https:\/\/www.europesays.com\/fr\/504837\/"},"modified":"2025-11-01T15:47:13","modified_gmt":"2025-11-01T15:47:13","slug":"cette-entreprise-de-nantes-va-passer-dans-lemission-capital-ce-dimanche","status":"publish","type":"post","link":"https:\/\/www.europesays.com\/fr\/504837\/","title":{"rendered":"Cette entreprise de Nantes va passer dans l&rsquo;\u00e9mission Capital, ce dimanche"},"content":{"rendered":"<p>            Par<br \/>\n        <strong><br \/>\n            <a href=\"https:\/\/actu.fr\/auteur\/clemence-pays02-actu-fr\" title=\"Consulter tous les articles de Cl\u00e9mence Pays\" target=\"_blank\" rel=\"noopener\">Cl\u00e9mence Pays<\/a><br \/>\n        <\/strong><\/p>\n<p>        Publi\u00e9 le<\/p>\n<p>            1 nov. 2025 \u00e0 15h38        <\/p>\n<p><strong>St\u00e9phanie Ferreira,<\/strong> fondatrice de <strong>Reficio,<\/strong> sera \u00e0 l\u2019honneur dimanche 2\u00a0novembre, dans l\u2019\u00e9mission <strong>Capital, <\/strong>diffus\u00e9e sur M6. La chef d\u2019entreprise nantaise a fait le pari de <strong>r\u00e9parer et redonner une seconde vie aux appareils \u00e9lectrom\u00e9nagers,<\/strong> pour les revendre 30 \u00e0 40\u2009% moins cher que le neuf.<\/p>\n<p class=\" wall-content\">Un credo qui a attir\u00e9 l\u2019\u0153il de l\u2019\u00e9quipe de Capital, qui consacre un sujet \u00e0 <strong>\u00ab\u2009la revanche des robots de cuisine\u2009\u00bb.<\/strong><\/p>\n<p>Le march\u00e9 du reconditionn\u00e9 mis en avant<\/p>\n<p class=\" wall-content\">Les t\u00e9l\u00e9spectateurs d\u00e9couvriront les coulisses de Moulinex et Seb, qui tentent de se renouveler face \u00e0 la concurrence dans le domaine du <strong>multicuiseur.<\/strong><\/p>\n<p class=\" wall-content\">Les cam\u00e9ras de l\u2019\u00e9mission iront donc \u00e9galement \u00e0 la rencontre de St\u00e9phanie Ferreira et de son \u00e9quipe qui \u00ab\u2009traquent chaque mod\u00e8le aupr\u00e8s de leurs fournisseurs, avant de les r\u00e9parer minutieusement\u2009\u00bb, d\u00e9taille la production.<\/p>\n<p><strong>Infos pratiques\u2009:<\/strong><br \/>Diffusion de l\u2019\u00e9mission Capital, dimanche 2\u00a0novembre 2025 \u00e0 21h10, sur M6. L\u2019entreprise Reficio est pr\u00e9sent\u00e9e dans le sujet consacr\u00e9 \u00e0 \u00ab\u2009la revanche des robots de cuisine\u2009\u00bb.<\/p>\n<p class=\" wall-content\">Personnalisez votre actualit\u00e9 en ajoutant vos villes et m\u00e9dias en favori avec <a href=\"https:\/\/moncompte.actu.fr\" title=\"D\u00e9couvez Mon Actu\" rel=\"nofollow noopener\" data-trk=\"{&quot;cta&quot;:{&quot;action&quot;:&quot;https:\\\/\\\/moncompte.actu.fr&quot;,&quot;category&quot;:&quot;mon compte&quot;,&quot;from&quot;:&quot;article footer&quot;,&quot;name&quot;:&quot;Mon actu&quot;,&quot;type&quot;:&quot;cta&quot;}}\" target=\"_blank\">Mon Actu<\/a>.<\/p>\n","protected":false},"excerpt":{"rendered":"Par Cl\u00e9mence Pays Publi\u00e9 le 1 nov. 2025 \u00e0 15h38 St\u00e9phanie Ferreira, fondatrice de Reficio, sera \u00e0 l\u2019honneur&hellip;\n","protected":false},"author":2,"featured_media":504838,"comment_status":"","ping_status":"","sticky":false,"template":"","format":"standard","meta":{"footnotes":""},"categories":[2818],"tags":[1111,11,33,1777,674,1011,27,766,12,2636,25,7167,252],"class_list":{"0":"post-504837","1":"post","2":"type-post","3":"status-publish","4":"format-standard","5":"has-post-thumbnail","7":"category-nantes","8":"tag-actu","9":"tag-actualites","10":"tag-economie","11":"tag-eu","12":"tag-europe","13":"tag-fr","14":"tag-france","15":"tag-nantes","16":"tag-news","17":"tag-pays-de-la-loire","18":"tag-republique-francaise","19":"tag-seconde-main","20":"tag-television"},"share_on_mastodon":{"url":"https:\/\/pubeurope.com\/@fr\/115475227913618818","error":""},"_links":{"self":[{"href":"https:\/\/www.europesays.com\/fr\/wp-json\/wp\/v2\/posts\/504837","targetHints":{"allow":["GET"]}}],"collection":[{"href":"https:\/\/www.europesays.com\/fr\/wp-json\/wp\/v2\/posts"}],"about":[{"href":"https:\/\/www.europesays.com\/fr\/wp-json\/wp\/v2\/types\/post"}],"author":[{"embeddable":true,"href":"https:\/\/www.europesays.com\/fr\/wp-json\/wp\/v2\/users\/2"}],"replies":[{"embeddable":true,"href":"https:\/\/www.europesays.com\/fr\/wp-json\/wp\/v2\/comments?post=504837"}],"version-history":[{"count":0,"href":"https:\/\/www.europesays.com\/fr\/wp-json\/wp\/v2\/posts\/504837\/revisions"}],"wp:featuredmedia":[{"embeddable":true,"href":"https:\/\/www.europesays.com\/fr\/wp-json\/wp\/v2\/media\/504838"}],"wp:attachment":[{"href":"https:\/\/www.europesays.com\/fr\/wp-json\/wp\/v2\/media?parent=504837"}],"wp:term":[{"taxonomy":"category","embeddable":true,"href":"https:\/\/www.europesays.com\/fr\/wp-json\/wp\/v2\/categories?post=504837"},{"taxonomy":"post_tag","embeddable":true,"href":"https:\/\/www.europesays.com\/fr\/wp-json\/wp\/v2\/tags?post=504837"}],"curies":[{"name":"wp","href":"https:\/\/api.w.org\/{rel}","templated":true}]}}