{"id":504839,"date":"2025-11-01T15:48:10","date_gmt":"2025-11-01T15:48:10","guid":{"rendered":"https:\/\/www.europesays.com\/fr\/504839\/"},"modified":"2025-11-01T15:48:10","modified_gmt":"2025-11-01T15:48:10","slug":"ce-grand-groupe-de-brasseries-debarque-a-bordeaux-et-choisit-une-place-delaissee-du-centre-ville","status":"publish","type":"post","link":"https:\/\/www.europesays.com\/fr\/504839\/","title":{"rendered":"Ce grand groupe de brasseries d\u00e9barque \u00e0 Bordeaux et choisit une place d\u00e9laiss\u00e9e du centre-ville"},"content":{"rendered":"<p>            Par<br \/>\n        <strong><br \/>\n            <a href=\"https:\/\/actu.fr\/auteur\/julian-doubax\" title=\"Consulter tous les articles de Julian Doubax\" target=\"_blank\" rel=\"noopener\">Julian Doubax<\/a><br \/>\n        <\/strong><\/p>\n<p>        Publi\u00e9 le<\/p>\n<p>            1 nov. 2025 \u00e0 16h34        <\/p>\n<p>La place Saint-Christoly \u00e0 Bordeaux accueille de nouvelles t\u00eates. Le mercredi 29\u00a0octobre 2025, la <a href=\"https:\/\/actu.fr\/nouvelle-aquitaine\/bordeaux_33063\/five-guys-pop-mart-burger-king-quels-sont-les-nouveaux-commerces-de-la-rentree-a-bordeaux_63162207.html\" target=\"_blank\" rel=\"noopener\">brasserie Vinatier<\/a> a accueilli ses <strong>premiers clients<\/strong>. Il s\u2019agit de la neuvi\u00e8me adresse du groupe Nouvelle Garde, d\u00e9j\u00e0 pr\u00e9sent \u00e0 Paris, Lyon, Lille et Marseille.<\/p>\n<p class=\" wall-content\">En cuisine, c\u2019est le chef <strong>Cl\u00e9ment Xuereb<\/strong>, enfant du Sud-Ouest, qui a la t\u00e2che de ravir les convives. Au menu, on peut retrouver de nombreux classiques des autres <a href=\"https:\/\/actu.fr\/nouvelle-aquitaine\/bordeaux_33063\/a-bordeaux-cette-vingtaine-de-restaurants-cassent-leurs-prix-pendant-plus-d-un-mois_63355738.html\" target=\"_blank\" rel=\"noopener\">restaurants<\/a> du groupe comme les poireaux vinaigrette, la saucisse pur\u00e9e ou encore le Paris-Brest.<\/p>\n<p class=\" wall-content\">Mais comme \u00e0 chaque fois, la Nouvelle Garde s\u2019adapte aussi aux <strong>sp\u00e9cialit\u00e9s r\u00e9gionales<\/strong> et la brasserie Vinatier n\u2019\u00e9chappe pas \u00e0 la r\u00e8gle. \u00ab\u00a0Quelques clins d\u2019\u0153il locaux comme les grattons bordelais ou encore les hu\u00eetres escort\u00e9es d\u2019une chipolata\u00a0\u00bb seront \u00e0 la carte indique le restaurant.\u00a0\u00a0<\/p>\n<p class=\" wall-content\">Et la pi\u00e8ce ma\u00eetresse du lieu est\u2026 une <strong>chemin\u00e9e<\/strong> au feu de bois install\u00e9e au centre de la salle. \u00ab\u00a0Le d\u00e9cor de cette demeure bordelaise s\u2019inspire des propri\u00e9t\u00e9s viticoles\u00a0\u00bb, rapporte \u00e9galement l\u2019enseigne.\u00a0<\/p>\n<p class=\" wall-content\">Pour ses premiers jours d\u2019existence, la brasserie Vinatier y va crescendo. Jusqu\u2019au 17 novembre, l\u2019\u00e9tablissement est accessible <strong>uniquement par r\u00e9servation<\/strong> <a href=\"https:\/\/www.sevenrooms.com\/explore\/brasserievinatier\/reservations\/create\/search\/\" target=\"_blank\" rel=\"noopener\">en ligne<\/a>. La soir\u00e9e d\u2019ouverture officielle ne sera faite que le jeudi 20 novembre.\u00a0<\/p>\n<p class=\" wall-content\">Personnalisez votre actualit\u00e9 en ajoutant vos villes et m\u00e9dias en favori avec <a href=\"https:\/\/moncompte.actu.fr\" title=\"D\u00e9couvez Mon Actu\" rel=\"nofollow noopener\" data-trk=\"{&quot;cta&quot;:{&quot;action&quot;:&quot;https:\\\/\\\/moncompte.actu.fr&quot;,&quot;category&quot;:&quot;mon compte&quot;,&quot;from&quot;:&quot;article footer&quot;,&quot;name&quot;:&quot;Mon actu&quot;,&quot;type&quot;:&quot;cta&quot;}}\" target=\"_blank\">Mon Actu<\/a>.<\/p>\n","protected":false},"excerpt":{"rendered":"Par Julian Doubax Publi\u00e9 le 1 nov. 2025 \u00e0 16h34 La place Saint-Christoly \u00e0 Bordeaux accueille de nouvelles&hellip;\n","protected":false},"author":2,"featured_media":504840,"comment_status":"","ping_status":"","sticky":false,"template":"","format":"standard","meta":{"footnotes":""},"categories":[2817],"tags":[1111,11,1997,1777,674,1011,27,1661,12,2219,25,1340,104],"class_list":{"0":"post-504839","1":"post","2":"type-post","3":"status-publish","4":"format-standard","5":"has-post-thumbnail","7":"category-bordeaux","8":"tag-actu","9":"tag-actualites","10":"tag-bordeaux","11":"tag-eu","12":"tag-europe","13":"tag-fr","14":"tag-france","15":"tag-gastronomie","16":"tag-news","17":"tag-nouvelle-aquitaine","18":"tag-republique-francaise","19":"tag-restaurant","20":"tag-societe"},"share_on_mastodon":{"url":"https:\/\/pubeurope.com\/@fr\/115475231794004629","error":""},"_links":{"self":[{"href":"https:\/\/www.europesays.com\/fr\/wp-json\/wp\/v2\/posts\/504839","targetHints":{"allow":["GET"]}}],"collection":[{"href":"https:\/\/www.europesays.com\/fr\/wp-json\/wp\/v2\/posts"}],"about":[{"href":"https:\/\/www.europesays.com\/fr\/wp-json\/wp\/v2\/types\/post"}],"author":[{"embeddable":true,"href":"https:\/\/www.europesays.com\/fr\/wp-json\/wp\/v2\/users\/2"}],"replies":[{"embeddable":true,"href":"https:\/\/www.europesays.com\/fr\/wp-json\/wp\/v2\/comments?post=504839"}],"version-history":[{"count":0,"href":"https:\/\/www.europesays.com\/fr\/wp-json\/wp\/v2\/posts\/504839\/revisions"}],"wp:featuredmedia":[{"embeddable":true,"href":"https:\/\/www.europesays.com\/fr\/wp-json\/wp\/v2\/media\/504840"}],"wp:attachment":[{"href":"https:\/\/www.europesays.com\/fr\/wp-json\/wp\/v2\/media?parent=504839"}],"wp:term":[{"taxonomy":"category","embeddable":true,"href":"https:\/\/www.europesays.com\/fr\/wp-json\/wp\/v2\/categories?post=504839"},{"taxonomy":"post_tag","embeddable":true,"href":"https:\/\/www.europesays.com\/fr\/wp-json\/wp\/v2\/tags?post=504839"}],"curies":[{"name":"wp","href":"https:\/\/api.w.org\/{rel}","templated":true}]}}