{"id":504843,"date":"2025-11-01T15:50:11","date_gmt":"2025-11-01T15:50:11","guid":{"rendered":"https:\/\/www.europesays.com\/fr\/504843\/"},"modified":"2025-11-01T15:50:11","modified_gmt":"2025-11-01T15:50:11","slug":"290-interventions-des-gendarmes-autour-de-toulouse","status":"publish","type":"post","link":"https:\/\/www.europesays.com\/fr\/504843\/","title":{"rendered":"290 interventions des gendarmes autour de Toulouse"},"content":{"rendered":"<p>            Par<br \/>\n        <strong><br \/>\n            <a href=\"https:\/\/actu.fr\/auteur\/david-saint-sernin\" title=\"Consulter tous les articles de David Saint-Sernin\" target=\"_blank\" rel=\"noopener\">David Saint-Sernin<\/a><br \/>\n        <\/strong><\/p>\n<p>        Publi\u00e9 le<\/p>\n<p>            1 nov. 2025 \u00e0 15h24        <\/p>\n<p>Comme le relevaient les <a href=\"https:\/\/actu.fr\/occitanie\/saint-jory_31490\/au-nord-de-toulouse-un-incendiaire-arrete-la-voiture-des-gendarmes-s-embrase-la-meme-nuit_60288142.html\" target=\"_blank\" rel=\"noopener\">gendarmes de Haute-Garonne<\/a> vendredi 31\u00a0octobre 2025, \u00ab\u2009Halloween ce n\u2019est pas seulement la nuit des bonbons et des d\u00e9guisements\u2026 c\u2019est aussi l\u2019une des <a href=\"https:\/\/actu.fr\/occitanie\/toulouse_31555\/halloween-a-toulouse-voici-ce-qu-il-sera-interdit-de-faire-pendant-la-soiree-la-plus-effrayante-de-l-annee_63377990.html\" target=\"_blank\" rel=\"noopener\">soir\u00e9es les plus intenses de l\u2019ann\u00e9e<\/a> pour le Centre Op\u00e9rationnel de la Gendarmerie (COG)\u2009! Halloween fait ainsi partie, avec la Saint-Sylvestre, des journ\u00e9es les plus charg\u00e9es de l\u2019ann\u00e9e pour les gendarmes\u2009\u00bb.<\/p>\n<p>Les gendarmes re\u00e7oivent 820 appels\u2009: 290 interventions<\/p>\n<p class=\" wall-content\">La nuit d\u2019Halloween 2025 n\u2019a pas d\u00e9rog\u00e9 \u00e0 la r\u00e8gle, m\u00eame si selon le bilan des gendarmes, il n\u2019y a pas eu de faits dramatiques enregistr\u00e9s.<\/p>\n<p class=\" wall-content\">Le Centre Op\u00e9rationnel de la Gendarmerie a n\u00e9anmoins r\u00e9pondu \u00e0 820 appels. Et le groupement d\u00e9partemental de Haute-Garonne est intervenu \u00e0 290 reprises, autour de Toulouse, sur l\u2019ensemble du 31.<\/p>\n<p class=\" wall-content\">En 2024, l\u2019activit\u00e9 s\u2019\u00e9levait \u00e0\u00a0542 appels pour 284 interventions, \u00ab\u2009soit pr\u00e8s du double d\u2019un jour ordinaire\u2009\u00bb.<\/p>\n<p class=\" wall-content\">En 2023, les op\u00e9rateurs avaient re\u00e7u 432 appels pour 216 interventions.<\/p>\n<p>Vid\u00e9os : en ce moment sur ActuDe nombreuses interventions autour de Toulouse<\/p>\n<p class=\" wall-content\">La nuit derni\u00e8re, les gendarmes de Haute-Garonne sont intervenus dans de nombreuses communes autour de Toulouse.<\/p>\n<p class=\" wall-content\">\u00ab\u2009Cette nuit nos \u00e9quipes ont \u00e9t\u00e9 appel\u00e9es pour un clown qui circulait en camionnette \u00e0 <strong>Pechbonnieu<\/strong> et qui faisait peur \u00e0 la population. Nous avons eu aussi des tirs de feu d\u2019artifice pr\u00e8s du McDonald\u2019s de <strong>Fronton<\/strong> et des tirs de fumig\u00e8ne \u00e0 <strong>Aucamville<\/strong>. \u00c0 <strong>Bouloc<\/strong>, <strong>Fontenilles<\/strong> et <strong>Plaisance-du-Touch<\/strong>, ce sont \u00e0 chaque fois des personnes qui se sont invit\u00e9es dans des f\u00eates d\u2019Halloween priv\u00e9es auxquelles elles n\u2019\u00e9taient pas convi\u00e9es\u2009\u00bb, indique \u00e0 Actu Toulouse <strong>le colonel St\u00e9phane Dallongeville, qui est le commandant du groupement d\u00e9partemental.<\/strong><\/p>\n<p>Votre r\u00e9gion, votre actu !<\/p>\n<p>Recevez chaque jour les infos qui comptent pour vous.<\/p>\n<p>\t<a href=\"https:\/\/actu.fr\/newsletter\" class=\"ac-btn ac-btn--corner ac-btn--medium ac-btn--blue800\" target=\"_blank\" rel=\"noopener\">S&rsquo;incrire<\/a><br \/>\nBeaucoup de monde \u00e0 Toulouse<\/p>\n<p class=\" wall-content\">\u00c0 Toulouse, la nuit a \u00e9t\u00e9 anim\u00e9e<a href=\"https:\/\/actu.fr\/occitanie\/toulouse_31555\/voitures-brulees-feux-poubelles-nuit-dhalloween-ete-agitee-toulouse_19343798.html\" target=\"_blank\" rel=\"noopener\"> comme d\u2019habitude,<\/a> mais, l\u00e0 aussi, la police n\u2019a pas relev\u00e9 d\u2019\u00e9v\u00e9nements particuliers.<\/p>\n<p class=\" wall-content\">\u00ab\u2009Il y avait beaucoup de monde en ville, avec une surfr\u00e9quentation du centre-ville. Nos agents sont intervenus avenue Lespinet, quartier Montaudran, et ont interpell\u00e9 deux individus de 15 et 16\u00a0ans qui mettaient le feu \u00e0 des containers poubelle. Un collier en or a \u00e9t\u00e9 vol\u00e9 sur les all\u00e9es Roosevelt vers 23h30\u2026\u2009\u00bb, rel\u00e8ve une source polici\u00e8re aupr\u00e8s d\u2019Actu Toulouse.<\/p>\n<p class=\" wall-content\">Personnalisez votre actualit\u00e9 en ajoutant vos villes et m\u00e9dias en favori avec <a href=\"https:\/\/moncompte.actu.fr\" title=\"D\u00e9couvez Mon Actu\" rel=\"nofollow noopener\" data-trk=\"{&quot;cta&quot;:{&quot;action&quot;:&quot;https:\\\/\\\/moncompte.actu.fr&quot;,&quot;category&quot;:&quot;mon compte&quot;,&quot;from&quot;:&quot;article footer&quot;,&quot;name&quot;:&quot;Mon actu&quot;,&quot;type&quot;:&quot;cta&quot;}}\" target=\"_blank\">Mon Actu<\/a>.<\/p>\n","protected":false},"excerpt":{"rendered":"Par David Saint-Sernin Publi\u00e9 le 1 nov. 2025 \u00e0 15h24 Comme le relevaient les gendarmes de Haute-Garonne vendredi&hellip;\n","protected":false},"author":2,"featured_media":504844,"comment_status":"","ping_status":"","sticky":false,"template":"","format":"standard","meta":{"footnotes":""},"categories":[2816],"tags":[1111,11,1777,674,1011,27,3381,20815,12,2680,25,104,2312],"class_list":{"0":"post-504843","1":"post","2":"type-post","3":"status-publish","4":"format-standard","5":"has-post-thumbnail","7":"category-toulouse","8":"tag-actu","9":"tag-actualites","10":"tag-eu","11":"tag-europe","12":"tag-fr","13":"tag-france","14":"tag-gendarmerie","15":"tag-halloween","16":"tag-news","17":"tag-occitanie","18":"tag-republique-francaise","19":"tag-societe","20":"tag-toulouse"},"share_on_mastodon":{"url":"https:\/\/pubeurope.com\/@fr\/115475239798584637","error":""},"_links":{"self":[{"href":"https:\/\/www.europesays.com\/fr\/wp-json\/wp\/v2\/posts\/504843","targetHints":{"allow":["GET"]}}],"collection":[{"href":"https:\/\/www.europesays.com\/fr\/wp-json\/wp\/v2\/posts"}],"about":[{"href":"https:\/\/www.europesays.com\/fr\/wp-json\/wp\/v2\/types\/post"}],"author":[{"embeddable":true,"href":"https:\/\/www.europesays.com\/fr\/wp-json\/wp\/v2\/users\/2"}],"replies":[{"embeddable":true,"href":"https:\/\/www.europesays.com\/fr\/wp-json\/wp\/v2\/comments?post=504843"}],"version-history":[{"count":0,"href":"https:\/\/www.europesays.com\/fr\/wp-json\/wp\/v2\/posts\/504843\/revisions"}],"wp:featuredmedia":[{"embeddable":true,"href":"https:\/\/www.europesays.com\/fr\/wp-json\/wp\/v2\/media\/504844"}],"wp:attachment":[{"href":"https:\/\/www.europesays.com\/fr\/wp-json\/wp\/v2\/media?parent=504843"}],"wp:term":[{"taxonomy":"category","embeddable":true,"href":"https:\/\/www.europesays.com\/fr\/wp-json\/wp\/v2\/categories?post=504843"},{"taxonomy":"post_tag","embeddable":true,"href":"https:\/\/www.europesays.com\/fr\/wp-json\/wp\/v2\/tags?post=504843"}],"curies":[{"name":"wp","href":"https:\/\/api.w.org\/{rel}","templated":true}]}}