{"id":504845,"date":"2025-11-01T15:51:16","date_gmt":"2025-11-01T15:51:16","guid":{"rendered":"https:\/\/www.europesays.com\/fr\/504845\/"},"modified":"2025-11-01T15:51:16","modified_gmt":"2025-11-01T15:51:16","slug":"toulouse-le-but-de-fofana-en-lice-pour-le-mois-doctobre","status":"publish","type":"post","link":"https:\/\/www.europesays.com\/fr\/504845\/","title":{"rendered":"Toulouse : le but de Fofana en lice pour le mois d\u2019octobre"},"content":{"rendered":"<p>                            <img width=\"770\" height=\"433\" src=\"https:\/\/www.europesays.com\/fr\/wp-content\/uploads\/2025\/11\/AFP__20251005__77RB2L8__v1__HighRes__FblFraLigue1LyonToulouse-770x433.jpg\" class=\"attachment-article size-article wp-post-image\" alt=\"Malick Fofana buteur lors d'OL - Toulouse\" decoding=\"async\" fetchpriority=\"high\"  \/><\/p>\n<p>Malick Fofana buteur lors d\u2019OL \u2013 Toulouse (Photo by Alex MARTIN \/ AFP)<\/p>\n<p>Au terme d\u2019une action collective de toute beaut\u00e9, Malick Fofana avait fait chavirer le Parc OL dans l\u2019ivresse. Le but du Belge contre Toulouse est en lice pour la plus belle r\u00e9alisation de Ligue 1 en octobre.<\/p>\n<p>Il n\u2019est pas pr\u00eat de refaire partie de cette cat\u00e9gorie. Touch\u00e9 \u00e0 la cheville et en passe de se faire op\u00e9rer, Malick\u00a0<strong>Fofana<\/strong>\u00a0va manquer<a href=\"https:\/\/www.olympique-et-lyonnais.com\/ol-malick-fofana-eloigne-des-terrains-plusieurs-mois,383484.html\" target=\"_blank\" rel=\"noopener\">\u00a0les trois prochains mois<\/a>\u00a0de comp\u00e9tition. Un coup dur pour le Belge mais aussi pour l\u2019OL qui va \u00eatre orphelin de l\u2019un de ses meilleurs joueurs. M\u00eame s\u2019il n\u2019\u00e9tait pas dans la forme de sa vie, Fofana restait un danger permanent pour les adversaires. Avant le match contre\u00a0<strong>Toulouse<\/strong>, Paulo\u00a0<strong>Fonseca<\/strong>\u00a0avait d\u2019ailleurs demand\u00e9 \u00e0 son joueur\u00a0\u00ab\u00a0d\u2019en faire un peu plus\u00a0\u00bb.<\/p>\n<p>Des jolis buts individuels en concurrence<\/p>\n<p>L\u2019ailier avait r\u00e9pondu d\u00e8s le lendemain avec un but contre le T\u00e9f\u00e9c\u00e9. Si la prestation g\u00e9n\u00e9rale de Malick\u00a0<strong>Fofana<\/strong>\u00a0n\u2019avait pas \u00e9t\u00e9 exceptionnelle, l\u2019ancien de la Gantoise avait parfaitement conclu une action collective de toute beaut\u00e9. Dans un jeu \u00e0 une touche et un d\u00e9but d\u2019action commenc\u00e9e d\u00e8s la d\u00e9fense, l\u2019OL avait donn\u00e9 le tournis \u00e0 la d\u00e9fense toulousaine et fait le bonheur de ses supporters. Cette action a \u00e9t\u00e9 retenue par la LFP parmi les pr\u00e9tendants au titre du plus beau but du mois d\u2019octobre. Pour voter le Lyonnais, il suffit de cliquer sur ce\u00a0<a href=\"https:\/\/story.tl\/25_26-but-du-mois-bdm-octobre\" target=\"_blank\" rel=\"noopener\"><strong>lien<\/strong><\/a>.<\/p>\n<p>\t\t\t\t\t<a href=\"https:\/\/www.olympique-et-lyonnais.com\/ol-psg-les-supporters-parisiens-interdits-de-deplacement,383805.html\" title=\"OL - PSG : les supporters parisiens interdits de d\u00e9placement\" target=\"_blank\" rel=\"noopener\"><img loading=\"lazy\" width=\"580\" height=\"326\" src=\"https:\/\/www.europesays.com\/fr\/wp-content\/uploads\/2025\/11\/psg-580x326.jpg\" class=\"attachment-actularge size-actularge wp-post-image\" alt=\"supporters psg\" decoding=\"async\"  \/>\t\t\t\t\t<\/a><\/p>\n","protected":false},"excerpt":{"rendered":"Malick Fofana buteur lors d\u2019OL \u2013 Toulouse (Photo by Alex MARTIN \/ AFP) Au terme d\u2019une action collective&hellip;\n","protected":false},"author":2,"featured_media":504846,"comment_status":"","ping_status":"","sticky":false,"template":"","format":"standard","meta":{"footnotes":""},"categories":[2816],"tags":[1111,11,1777,674,1011,27,66,12,2680,241,978,25,2312],"class_list":{"0":"post-504845","1":"post","2":"type-post","3":"status-publish","4":"format-standard","5":"has-post-thumbnail","7":"category-toulouse","8":"tag-actu","9":"tag-actualites","10":"tag-eu","11":"tag-europe","12":"tag-fr","13":"tag-france","14":"tag-ligue-1","15":"tag-news","16":"tag-occitanie","17":"tag-ol","18":"tag-olympique-lyonnais","19":"tag-republique-francaise","20":"tag-toulouse"},"share_on_mastodon":{"url":"https:\/\/pubeurope.com\/@fr\/115475244151891082","error":""},"_links":{"self":[{"href":"https:\/\/www.europesays.com\/fr\/wp-json\/wp\/v2\/posts\/504845","targetHints":{"allow":["GET"]}}],"collection":[{"href":"https:\/\/www.europesays.com\/fr\/wp-json\/wp\/v2\/posts"}],"about":[{"href":"https:\/\/www.europesays.com\/fr\/wp-json\/wp\/v2\/types\/post"}],"author":[{"embeddable":true,"href":"https:\/\/www.europesays.com\/fr\/wp-json\/wp\/v2\/users\/2"}],"replies":[{"embeddable":true,"href":"https:\/\/www.europesays.com\/fr\/wp-json\/wp\/v2\/comments?post=504845"}],"version-history":[{"count":0,"href":"https:\/\/www.europesays.com\/fr\/wp-json\/wp\/v2\/posts\/504845\/revisions"}],"wp:featuredmedia":[{"embeddable":true,"href":"https:\/\/www.europesays.com\/fr\/wp-json\/wp\/v2\/media\/504846"}],"wp:attachment":[{"href":"https:\/\/www.europesays.com\/fr\/wp-json\/wp\/v2\/media?parent=504845"}],"wp:term":[{"taxonomy":"category","embeddable":true,"href":"https:\/\/www.europesays.com\/fr\/wp-json\/wp\/v2\/categories?post=504845"},{"taxonomy":"post_tag","embeddable":true,"href":"https:\/\/www.europesays.com\/fr\/wp-json\/wp\/v2\/tags?post=504845"}],"curies":[{"name":"wp","href":"https:\/\/api.w.org\/{rel}","templated":true}]}}