{"id":504851,"date":"2025-11-01T15:55:11","date_gmt":"2025-11-01T15:55:11","guid":{"rendered":"https:\/\/www.europesays.com\/fr\/504851\/"},"modified":"2025-11-01T15:55:11","modified_gmt":"2025-11-01T15:55:11","slug":"le-breaking-sinstalle-au-palais-des-sports-de-marseille","status":"publish","type":"post","link":"https:\/\/www.europesays.com\/fr\/504851\/","title":{"rendered":"Le breaking s&rsquo;installe au Palais des Sports de Marseille"},"content":{"rendered":"<p><a href=\"https:\/\/www.laprovence.com\/article\/region\/93907864342976\/un-an-apres-les-jo-la-passion-de-la-breakdance-n-a-pas-quitte-les-jeunes-de-l-association-ac2n-aux-pennes-mirabeau\" target=\"_blank\" rel=\"noopener\">Le passage express de leur discipline aux Jeux olympiques <\/a>n&rsquo;a pas fait retomber le souffl\u00e9, bien au contraire. \u00ab\u00a0On est tr\u00e8s heureux qu&rsquo;elle ait connu cette aventure olympique, insistent Mohand Zenasni et<a href=\"https:\/\/www.laprovence.com\/article\/sports\/2759117086451614\/breaking-si-on-peut-danser-ensemble-on-peut-vivre-ensemble-souligne-fathi-benjilali\" target=\"_blank\" rel=\"noopener\"> Fathi Benjilali<\/a>, organisateurs du <a href=\"https:\/\/www.laprovence.com\/article\/sports\/1120119735719515\/breadance-mondial-du-breaking-la-ferveur-marseillaise-au-rendez-vous\" target=\"_blank\" rel=\"noopener\">Mondial du breaking<\/a>. Elle continue d&rsquo;\u00eatre au programme des Jeux olympiques de la Jeunesse et elle sera \u00e0 Dakar en\u00a02028. Et la question pour Los Angeles a \u00e9t\u00e9 rouverte. Son apparition aux JO a fait beaucoup pour sa reconnaissance.\u00a0\u00bb<\/p>\n<p>Apr\u00e8s deux \u00e9ditions qui ont affich\u00e9 complet, le Mondial du breaking revient ce dimanche au<a href=\"https:\/\/www.laprovence.com\/article\/sports\/4420171910686114\/fin-de-lopen-13-et-maintenant-quel-avenir-pour-le-palais-des-sports-de-marseille\" target=\"_blank\" rel=\"noopener\"> Palais des Sports. <\/a>\u00ab\u00a0C&rsquo;est un \u00e9v\u00e9nement qui vient du peuple et qui est r\u00e9alis\u00e9 pour lui, souligne Mohand Zenasni, qui dirige l&rsquo;association <a href=\"https:\/\/www.laprovence.com\/article\/sports\/18459569515827\/le-plan-deau-de-digne-les-bains-a-vibre-au-rythme-des-qualifications-pour-le-mondial-du-breaking\" target=\"_blank\" rel=\"noopener\">Original Rockerz <\/a>et est \u00e9lu au comit\u00e9 de danse des Bouches-du-Rh\u00f4ne. Dans notre parcours, on a beaucoup voyag\u00e9. Le Sud est une v\u00e9ritable terre de breaking. Mais il manquait un h\u00e9ritage \u00e9v\u00e9nementiel. Avec cet \u00e9v\u00e9nement, les talents d&rsquo;ici peuvent avoir l&rsquo;exp\u00e9rience d&rsquo;un grand rendez-vous international chez eux.\u00a0\u00bb<\/p>\n<p>Un \u00e9v\u00e9nement qui comprendra trois comp\u00e9titions\u00a0: f\u00e9minine, masculine et kids. \u00ab\u00a0En parall\u00e8le, on a un tremplin chor\u00e9graphique, ajoute Fathi Benjilali, ancien champion du monde et \u00e9lu grand sud \u00e0 la F\u00e9d\u00e9ration fran\u00e7aise de danse. Il y a tr\u00e8s peu d&rsquo;\u00e9v\u00e9nements qui marient le tremplin chor\u00e9graphique et les battles, et on l&rsquo;a fait. Et c&rsquo;est la communion de toutes les \u00e9coles du grand sud, de toute la r\u00e9gion.\u00a0\u00bb<\/p>\n<p>Entre sport et spectacle<\/p>\n<p>Une bonne partie du public viendra assister \u00e0 un spectacle, tandis qu&rsquo;une autre suivra une comp\u00e9tition. Spectacle ou sport, sport ou spectacle, m\u00eame pour les organisateurs, le d\u00e9bat est ouvert. \u00ab\u00a0C&rsquo;est une question que l&rsquo;on se pose nous-m\u00eames. C&rsquo;est en fait c&rsquo;est un alliage d&rsquo;art et de sport et le fait qu&rsquo;il aille aux Jeux olympiques a permis au minist\u00e8re des Sports de le codifier, ce que le minist\u00e8re de la Culture n&rsquo;avait pas fait, poursuivent-ils. Quand on prend le BMX, le skate, le freestyle football, le freestyle basket, l&rsquo;e-sport\u00a0: qu&rsquo;on veuille ou pas, aujourd&rsquo;hui, ils ont d\u00e9pass\u00e9 pour certains des sports classiques et traditionnels. On \u0153uvre dans les cultures urbaines et la culture hip-hop et on sait que Marseille a une histoire tr\u00e8s forte avec la culture hip-hop dans son berceau. Et sociologiquement, il faut rappeler aussi que le Mondial du Breaking permet dans les tremplins chor\u00e9graphiques de m\u00e9langer tous les styles de danse. C&rsquo;est un \u00e9v\u00e9nement qui est n\u00e9 il y a 3\u00a0ans, m\u00eame si \u00e7a fait 25\u00a0ans qu&rsquo;on \u0153uvre et en 3\u00a0ans, il a d\u00e9j\u00e0 une reconnaissance internationale.\u00a0\u00bb<\/p>\n<p>Et le fait que leur \u00e9v\u00e9nement se d\u00e9roule au Palais des Sports a pour eux une saveur particuli\u00e8re. \u00ab\u00a0Avec Fathi, on s&rsquo;est produit au <a href=\"https:\/\/www.laprovence.com\/article\/culture-loisirs\/59118728000487\/josette-baiz-fait-danser-au-grand-theatre-de-provence-d-aix-cinq-versions-de-don-juan\" target=\"_blank\" rel=\"noopener\">Grand Th\u00e9\u00e2tre de Provence<\/a> \u00e0 Aix, <a href=\"https:\/\/www.laprovence.com\/article\/culture-loisirs\/66075863425204\/lara-fabian-crie-son-amour-et-fait-vibrer-le-dome-de-marseille\" target=\"_blank\" rel=\"noopener\">au D\u00f4me<\/a> ou encore au<a href=\"https:\/\/www.laprovence.com\/article\/culture-loisirs\/76074355671860\/la-soul-ensoleillee-de-thee-sacred-souls-au-theatre-silvain-a-marseille\" target=\"_blank\" rel=\"noopener\"> th\u00e9\u00e2tre Silvain<\/a> \u00e0 Marseille, des endroits mythiques de notre r\u00e9gion mais aussi en France, \u00e9num\u00e8re Mohand Zenasni. Le Palais des Sports, on passait devant quand on \u00e9tait jeunes pour aller voir des matches de <a href=\"https:\/\/www.laprovence.com\/article\/om\/8927000628253214\/auxerre-om-les-3-choses-a-savoir-sur-laj-auxerre\" target=\"_blank\" rel=\"noopener\">l&rsquo;OM<\/a> et \u00e7a nous paraissait inaccessible. C&rsquo;\u00e9tait un lieu que l&rsquo;on ne fr\u00e9quentait pas. Apr\u00e8s ce qu&rsquo;il s&rsquo;est pass\u00e9 avec l&rsquo;entr\u00e9e du breaking aux JO, c&rsquo;est bien que l&rsquo;on rel\u00e8ve ce challenge de cr\u00e9er un \u00e9v\u00e9nement m\u00ealant art et sport dans un lieu embl\u00e9matique de la ville d\u00e9di\u00e9 aux sports.\u00a0\u00bb<\/p>\n","protected":false},"excerpt":{"rendered":"Le passage express de leur discipline aux Jeux olympiques n&rsquo;a pas fait retomber le souffl\u00e9, bien au contraire.&hellip;\n","protected":false},"author":2,"featured_media":504852,"comment_status":"","ping_status":"","sticky":false,"template":"","format":"standard","meta":{"footnotes":""},"categories":[2814],"tags":[17,1111,11,270,154,1777,674,1011,27,884,12,12823,882,25,15804,60],"class_list":{"0":"post-504851","1":"post","2":"type-post","3":"status-publish","4":"format-standard","5":"has-post-thumbnail","7":"category-marseille","8":"tag-17","9":"tag-actu","10":"tag-actualites","11":"tag-breaking","12":"tag-des","13":"tag-eu","14":"tag-europe","15":"tag-fr","16":"tag-france","17":"tag-marseille","18":"tag-news","19":"tag-palais","20":"tag-provence-alpes-cote-dazur","21":"tag-republique-francaise","22":"tag-sinstalle","23":"tag-sports"},"share_on_mastodon":{"url":"https:\/\/pubeurope.com\/@fr\/115475259313504929","error":""},"_links":{"self":[{"href":"https:\/\/www.europesays.com\/fr\/wp-json\/wp\/v2\/posts\/504851","targetHints":{"allow":["GET"]}}],"collection":[{"href":"https:\/\/www.europesays.com\/fr\/wp-json\/wp\/v2\/posts"}],"about":[{"href":"https:\/\/www.europesays.com\/fr\/wp-json\/wp\/v2\/types\/post"}],"author":[{"embeddable":true,"href":"https:\/\/www.europesays.com\/fr\/wp-json\/wp\/v2\/users\/2"}],"replies":[{"embeddable":true,"href":"https:\/\/www.europesays.com\/fr\/wp-json\/wp\/v2\/comments?post=504851"}],"version-history":[{"count":0,"href":"https:\/\/www.europesays.com\/fr\/wp-json\/wp\/v2\/posts\/504851\/revisions"}],"wp:featuredmedia":[{"embeddable":true,"href":"https:\/\/www.europesays.com\/fr\/wp-json\/wp\/v2\/media\/504852"}],"wp:attachment":[{"href":"https:\/\/www.europesays.com\/fr\/wp-json\/wp\/v2\/media?parent=504851"}],"wp:term":[{"taxonomy":"category","embeddable":true,"href":"https:\/\/www.europesays.com\/fr\/wp-json\/wp\/v2\/categories?post=504851"},{"taxonomy":"post_tag","embeddable":true,"href":"https:\/\/www.europesays.com\/fr\/wp-json\/wp\/v2\/tags?post=504851"}],"curies":[{"name":"wp","href":"https:\/\/api.w.org\/{rel}","templated":true}]}}