{"id":504853,"date":"2025-11-01T15:56:10","date_gmt":"2025-11-01T15:56:10","guid":{"rendered":"https:\/\/www.europesays.com\/fr\/504853\/"},"modified":"2025-11-01T15:56:10","modified_gmt":"2025-11-01T15:56:10","slug":"sans-ses-protheses-auditives-il-ne-comprend-pas-quil-est-en-train-de-boxer-des-gendarmes","status":"publish","type":"post","link":"https:\/\/www.europesays.com\/fr\/504853\/","title":{"rendered":"sans ses proth\u00e8ses auditives, il ne comprend pas qu&rsquo;il est en train de boxer des gendarmes"},"content":{"rendered":"<p itemprop=\"description\"><strong>Le 24 octobre dernier, l&rsquo;intervention des gendarmes au bal de Saint-Lager dans le Beaujolais avait vir\u00e9 au pugilat.<\/strong><\/p>\n<p>La faute \u00e0 un participant qui avait distribu\u00e9 des coups de poing aux militaires, sur fond d&rsquo;alcool et de quiproquo.<\/p>\n<p>Cette semaine, un jeune homme de 18 ans a \u00e9t\u00e9 jug\u00e9 et condamn\u00e9 par le tribunal correctionnel de Villefranche-sur-Sa\u00f4ne. Lors de la soir\u00e9e festive, o\u00f9 il avait consomm\u00e9 beaucoup d&rsquo;alcool, il s&rsquo;\u00e9tait battu avec d&rsquo;autres personnes. Et alors que les deux gendarmes qui encadraient l&rsquo;\u00e9v\u00e8nement tentaient d&rsquo;intervenir, il les avait box\u00e9s (7 et 3 jours d&rsquo;ITT).<br \/>Par ailleurs, il s&rsquo;\u00e9tait enfui du fourgon avant d&rsquo;\u00eatre rattrap\u00e9 par les forces de l&rsquo;ordre apr\u00e8s avoir chut\u00e9 dans un foss\u00e9.<\/p>\n<p>Lors de l&rsquo;audience, son avocat a expliqu\u00e9 que son client n&rsquo;avait pas r\u00e9alis\u00e9 qu&rsquo;il s&rsquo;en prenait \u00e0 des gendarmes. Dans le feu de l&rsquo;action, il se pensait attaqu\u00e9 par d&rsquo;autres participants du bal et avait distribu\u00e9 des uppercuts avant de cesser en voyant les uniformes. Quant aux cris de la foule qui tentaient de le sommer d&rsquo;arr\u00eater, il n&rsquo;avait rien entendu car il avait \u00f4t\u00e9 ses proth\u00e8ses auditives.<\/p>\n<p>Les juges caladois ont prononc\u00e9 une peine de 10 mois de prison avec sursis et 40 jours-amende de 10 euros.<\/p>\n","protected":false},"excerpt":{"rendered":"Le 24 octobre dernier, l&rsquo;intervention des gendarmes au bal de Saint-Lager dans le Beaujolais avait vir\u00e9 au pugilat.&hellip;\n","protected":false},"author":2,"featured_media":504854,"comment_status":"","ping_status":"","sticky":false,"template":"","format":"standard","meta":{"footnotes":""},"categories":[1889],"tags":[1111,11,2813,2190,2430,1109,251,1112,2811,1777,674,118,1011,27,1922,1110,1114,2428,2810,12,241,316,25,2812,517,800],"class_list":{"0":"post-504853","1":"post","2":"type-post","3":"status-publish","4":"format-standard","5":"has-post-thumbnail","7":"category-lyon","8":"tag-actu","9":"tag-actualites","10":"tag-article","11":"tag-asvel","12":"tag-auvergne-rhone-alpes","13":"tag-breves","14":"tag-culture","15":"tag-depeches","16":"tag-economique","17":"tag-eu","18":"tag-europe","19":"tag-faits-divers","20":"tag-fr","21":"tag-france","22":"tag-info","23":"tag-informations","24":"tag-infos","25":"tag-lyon","26":"tag-lyonmag","27":"tag-news","28":"tag-ol","29":"tag-politique","30":"tag-republique-francaise","31":"tag-sociale","32":"tag-sport","33":"tag-transports"},"share_on_mastodon":{"url":"https:\/\/pubeurope.com\/@fr\/115475263237300904","error":""},"_links":{"self":[{"href":"https:\/\/www.europesays.com\/fr\/wp-json\/wp\/v2\/posts\/504853","targetHints":{"allow":["GET"]}}],"collection":[{"href":"https:\/\/www.europesays.com\/fr\/wp-json\/wp\/v2\/posts"}],"about":[{"href":"https:\/\/www.europesays.com\/fr\/wp-json\/wp\/v2\/types\/post"}],"author":[{"embeddable":true,"href":"https:\/\/www.europesays.com\/fr\/wp-json\/wp\/v2\/users\/2"}],"replies":[{"embeddable":true,"href":"https:\/\/www.europesays.com\/fr\/wp-json\/wp\/v2\/comments?post=504853"}],"version-history":[{"count":0,"href":"https:\/\/www.europesays.com\/fr\/wp-json\/wp\/v2\/posts\/504853\/revisions"}],"wp:featuredmedia":[{"embeddable":true,"href":"https:\/\/www.europesays.com\/fr\/wp-json\/wp\/v2\/media\/504854"}],"wp:attachment":[{"href":"https:\/\/www.europesays.com\/fr\/wp-json\/wp\/v2\/media?parent=504853"}],"wp:term":[{"taxonomy":"category","embeddable":true,"href":"https:\/\/www.europesays.com\/fr\/wp-json\/wp\/v2\/categories?post=504853"},{"taxonomy":"post_tag","embeddable":true,"href":"https:\/\/www.europesays.com\/fr\/wp-json\/wp\/v2\/tags?post=504853"}],"curies":[{"name":"wp","href":"https:\/\/api.w.org\/{rel}","templated":true}]}}