{"id":504863,"date":"2025-11-01T16:02:11","date_gmt":"2025-11-01T16:02:11","guid":{"rendered":"https:\/\/www.europesays.com\/fr\/504863\/"},"modified":"2025-11-01T16:02:11","modified_gmt":"2025-11-01T16:02:11","slug":"deux-personnes-mises-en-examen-lune-dentre-elles-placee-en-detention-provisoire","status":"publish","type":"post","link":"https:\/\/www.europesays.com\/fr\/504863\/","title":{"rendered":"deux personnes mises en examen, l\u2019une d\u2019entre elles plac\u00e9e en d\u00e9tention provisoire"},"content":{"rendered":"<p>Deux personnes interpell\u00e9es mercredi, <a target=\"_self\" href=\"https:\/\/www.lanouvellerepublique.fr\/a-la-une\/casse-du-louvre-ce-que-l-on-sait-du-nouveau-coup-de-filet-qui-a-conduit-a-l-interpellation-de-cinq-individus-1761843100\" rel=\"noopener\">tout comme trois autres suspects dans l\u2019enqu\u00eate sur le cambriolage du Louvre<\/a>, ont \u00e9t\u00e9 mises en examen\u00a0samedi 1er\u00a0novembre, l\u2019une d\u2019entre elles pour complicit\u00e9. Cette suspecte, \u00e2g\u00e9e de 38\u00a0ans, a \u00e9t\u00e9 plac\u00e9e en d\u00e9tention provisoire par un juge des libert\u00e9s du tribunal de Paris quelques heures plus tard.<\/p>\n<p>La trentenaire, qui r\u00e9side \u00e0 La Courneuve (Seine-Saint-Denis), a \u00e9t\u00e9 mise en examen pour complicit\u00e9 de vol en bande organis\u00e9e et association de malfaiteurs en vue d\u2019un crime.\u00a0Elle s\u2019est pr\u00e9sent\u00e9e en larmes dans le box. Sur demande du parquet et de ses avocats, l\u2019audience s\u2019est poursuivie \u00e0 huis clos.<\/p>\n<p>Un suspect remis en libert\u00e9<\/p>\n<p>Un autre des cinq suspects a en revanche \u00e9t\u00e9 remis en libert\u00e9 vendredi \u00e0 l\u2019issue de sa garde \u00e0 vue, sans poursuites \u00e0 son encontre, ont indiqu\u00e9 ses avocates, Sofia Bougrine et No\u00e9mie Gorin. \u00ab\u00a0Dans ces affaires de grande criminalit\u00e9, nous constatons que les vagues d\u2019interpellation ressemblent davantage \u00e0 des filets d\u00e9rivants\u00a0\u00bb, ont-elles d\u00e9plor\u00e9.<\/p>\n<p>Ces cinq nouvelles interpellations li\u00e9es \u00e0 ce cambriolage spectaculaire avaient \u00e9t\u00e9 annonc\u00e9es jeudi matin par la procureure de Paris, Laure Beccuau, qui avait pr\u00e9cis\u00e9 que les bijoux vol\u00e9s restaient introuvables. Elles se sont ajout\u00e9es \u00e0 celles de deux trentenaires arr\u00eat\u00e9s il y a une semaine et qui sont soup\u00e7onn\u00e9s d\u2019avoir fait partie du commando de quatre hommes sur place.<\/p>\n<p>Ces deux habitants d\u2019Aubervilliers (Seine-Saint-Denis), \u00e2g\u00e9s de 34 et 39\u00a0ans, ont \u00e9t\u00e9 mis en examen et plac\u00e9s en d\u00e9tention provisoire mercredi soir. En garde \u00e0 vue, ces deux hommes, l\u2019un arr\u00eat\u00e9 \u00e0 l\u2019a\u00e9roport de Roissy alors qu\u2019il tentait de rejoindre l\u2019Alg\u00e9rie, l\u2019autre \u00e0 Aubervilliers, \u00ab\u00a0se sont livr\u00e9s \u00e0 des d\u00e9clarations [\u2026] minimalistes par rapport \u00e0 ce qui nous para\u00eet \u00eatre d\u00e9montr\u00e9 par le dossier\u00a0\u00bb, avait indiqu\u00e9 Laure Beccuau.<\/p>\n","protected":false},"excerpt":{"rendered":"Deux personnes interpell\u00e9es mercredi, tout comme trois autres suspects dans l\u2019enqu\u00eate sur le cambriolage du Louvre, ont \u00e9t\u00e9&hellip;\n","protected":false},"author":2,"featured_media":504864,"comment_status":"","ping_status":"","sticky":false,"template":"","format":"standard","meta":{"footnotes":""},"categories":[1888],"tags":[328,11,1777,674,274,1011,27,329,7107,12,626,25],"class_list":{"0":"post-504863","1":"post","2":"type-post","3":"status-publish","4":"format-standard","5":"has-post-thumbnail","7":"category-paris","8":"tag-a-la-une","9":"tag-actualites","10":"tag-eu","11":"tag-europe","12":"tag-faits-divers-justice","13":"tag-fr","14":"tag-france","15":"tag-france-monde","16":"tag-musees","17":"tag-news","18":"tag-paris","19":"tag-republique-francaise"},"share_on_mastodon":{"url":"https:\/\/pubeurope.com\/@fr\/115475286839945287","error":""},"_links":{"self":[{"href":"https:\/\/www.europesays.com\/fr\/wp-json\/wp\/v2\/posts\/504863","targetHints":{"allow":["GET"]}}],"collection":[{"href":"https:\/\/www.europesays.com\/fr\/wp-json\/wp\/v2\/posts"}],"about":[{"href":"https:\/\/www.europesays.com\/fr\/wp-json\/wp\/v2\/types\/post"}],"author":[{"embeddable":true,"href":"https:\/\/www.europesays.com\/fr\/wp-json\/wp\/v2\/users\/2"}],"replies":[{"embeddable":true,"href":"https:\/\/www.europesays.com\/fr\/wp-json\/wp\/v2\/comments?post=504863"}],"version-history":[{"count":0,"href":"https:\/\/www.europesays.com\/fr\/wp-json\/wp\/v2\/posts\/504863\/revisions"}],"wp:featuredmedia":[{"embeddable":true,"href":"https:\/\/www.europesays.com\/fr\/wp-json\/wp\/v2\/media\/504864"}],"wp:attachment":[{"href":"https:\/\/www.europesays.com\/fr\/wp-json\/wp\/v2\/media?parent=504863"}],"wp:term":[{"taxonomy":"category","embeddable":true,"href":"https:\/\/www.europesays.com\/fr\/wp-json\/wp\/v2\/categories?post=504863"},{"taxonomy":"post_tag","embeddable":true,"href":"https:\/\/www.europesays.com\/fr\/wp-json\/wp\/v2\/tags?post=504863"}],"curies":[{"name":"wp","href":"https:\/\/api.w.org\/{rel}","templated":true}]}}