{"id":504870,"date":"2025-11-01T16:06:13","date_gmt":"2025-11-01T16:06:13","guid":{"rendered":"https:\/\/www.europesays.com\/fr\/504870\/"},"modified":"2025-11-01T16:06:13","modified_gmt":"2025-11-01T16:06:13","slug":"un-americain-libere-apres-un-mois-de-detention-pour-un-message-ironique-sur-lassassinat-de-charlie-kirk","status":"publish","type":"post","link":"https:\/\/www.europesays.com\/fr\/504870\/","title":{"rendered":"Un Am\u00e9ricain lib\u00e9r\u00e9 apr\u00e8s un mois de d\u00e9tention pour un message ironique sur l\u2019assassinat de Charlie Kirk"},"content":{"rendered":"<p>Aux \u00c9tats-Unis, un homme a \u00e9t\u00e9 lib\u00e9r\u00e9 de prison, ce mercredi 29 octobre, apr\u00e8s avoir \u00e9t\u00e9 emprisonn\u00e9 pendant plus d&rsquo;un mois pour avoir publi\u00e9 sur Facebook un message moqueur sur l&rsquo;assassinat de l&rsquo;activiste conservateur Charlie Kirk.<\/p>\n<p>De la prison pour une moquerie sur les r\u00e9seaux sociaux. Les autorit\u00e9s de l&rsquo;\u00c9tat am\u00e9ricain du Tennessee ont abandonn\u00e9 les poursuites contre Larry Bushart, un homme de 61 ans, qui a \u00e9t\u00e9 emprisonn\u00e9 pendant plus d&rsquo;un mois pour avoir publi\u00e9 sur Facebook un message de moquerie sur l&rsquo;assassinat de l&rsquo;activiste conservateur <a href=\"https:\/\/www.bfmtv.com\/international\/amerique-nord\/etats-unis\/video-etats-unis-une-enseignante-mimant-l-assassinat-de-charlie-kirk-lors-d-une-manifestation-contre-donald-trump-suscite-la-polemique_VN-202510230784.html\" title=\"\u00c9tats-Unis: une enseignante mimant l&#039;assassinat de Charlie Kirk lors d&#039;une manifestation contre Donald Trump suscite la pol\u00e9mique\" class=\"internal_link\" rel=\"nofollow noopener\" target=\"_blank\">Charlie Kirk<\/a>, indique l&rsquo;agence de presse <a href=\"https:\/\/apnews.com\/article\/charlie-kirk-meme-tennessee-arrest-larry-bushart-02b445f454bcfb657a48e8fa7e8ddfc9\" target=\"_blank\" class=\"external_link\" rel=\"nofollow noopener\">AP.<\/a><\/p>\n<p>L&rsquo;arrestation du soixantenaire, sorti de prison ce mercredi 29 octobre, avait provoqu\u00e9 la col\u00e8re de nombreuses personnes qui d\u00e9non\u00e7aient une atteinte \u00e0 la libert\u00e9 d&rsquo;expression.<\/p>\n<p><img decoding=\"async\" src=\"https:\/\/www.europesays.com\/fr\/wp-content\/uploads\/2025\/04\/principale-70_4.jpg\"  alt=\"Charlie Kirk : basculement dans la violence aux USA ? \u2013 12\/09\" title=\"Charlie Kirk : basculement dans la violence aux USA ? \u2013 12\/09\"\/>Charlie Kirk : basculement dans la violence aux USA ? \u2013 12\/09Une image de Trump d\u00e9tourn\u00e9e<\/p>\n<p>Dans sa publication, Larry Bushart utilise une image de Donald Trump disant les mots \u00ab\u00a0nous devons passer \u00e0 autre chose\u00a0\u00bb. Une phrase que le pr\u00e9sident am\u00e9ricain avait prononc\u00e9e apr\u00e8s une fusillade dans un lyc\u00e9e de l&rsquo;Iowa.<\/p>\n<p>Apr\u00e8s l&rsquo;assassinat de Charlie Kirk, lors d&rsquo;un meeting en plein air sur le campus d&rsquo;une universit\u00e9 de l&rsquo;Utah, plusieurs personnes ont \u00e9t\u00e9 <a href=\"https:\/\/www.bfmtv.com\/international\/amerique-nord\/etats-unis\/meurtre-de-charlie-kirk-des-americains-renvoyes-de-leur-emploi-apres-avoir-critique-l-influenceur-pro-trump-sur-les-reseaux-sociaux_AD-202509140127.html\" title=\"Meurtre de Charlie Kirk: des Am\u00e9ricains renvoy\u00e9s de leur emploi apr\u00e8s avoir critiqu\u00e9 l&#039;influenceur pro-Trump sur les r\u00e9seaux sociaux\" class=\"internal_link\" rel=\"nofollow noopener\" target=\"_blank\">licenci\u00e9es<\/a> de leur travail apr\u00e8s des commentaires satiriques sur l&rsquo;\u00e9v\u00e9nement.<\/p>\n<p>Le ministre de la D\u00e9fense, Pete Hegseth, avait m\u00eame ordonn\u00e9 \u00e0 ses services d&rsquo;identifier tout membre de l&rsquo;arm\u00e9e qui se serait moqu\u00e9 ou r\u00e9joui de l&rsquo;assassinat du h\u00e9raut de l&rsquo;Am\u00e9rique chr\u00e9tienne et traditionaliste.<\/p>\n","protected":false},"excerpt":{"rendered":"Aux \u00c9tats-Unis, un homme a \u00e9t\u00e9 lib\u00e9r\u00e9 de prison, ce mercredi 29 octobre, apr\u00e8s avoir \u00e9t\u00e9 emprisonn\u00e9 pendant&hellip;\n","protected":false},"author":2,"featured_media":381104,"comment_status":"","ping_status":"","sticky":false,"template":"","format":"standard","meta":{"footnotes":""},"categories":[1589],"tags":[11,73,1866,12,1864,1865,1863,308],"class_list":{"0":"post-504870","1":"post","2":"type-post","3":"status-publish","4":"format-standard","5":"has-post-thumbnail","7":"category-etats-unis","8":"tag-actualites","9":"tag-etats-unis","10":"tag-etats-unis-damerique","11":"tag-news","12":"tag-united-states","13":"tag-united-states-of-america","14":"tag-us","15":"tag-usa"},"share_on_mastodon":{"url":"https:\/\/pubeurope.com\/@fr\/115475303120052575","error":""},"_links":{"self":[{"href":"https:\/\/www.europesays.com\/fr\/wp-json\/wp\/v2\/posts\/504870","targetHints":{"allow":["GET"]}}],"collection":[{"href":"https:\/\/www.europesays.com\/fr\/wp-json\/wp\/v2\/posts"}],"about":[{"href":"https:\/\/www.europesays.com\/fr\/wp-json\/wp\/v2\/types\/post"}],"author":[{"embeddable":true,"href":"https:\/\/www.europesays.com\/fr\/wp-json\/wp\/v2\/users\/2"}],"replies":[{"embeddable":true,"href":"https:\/\/www.europesays.com\/fr\/wp-json\/wp\/v2\/comments?post=504870"}],"version-history":[{"count":0,"href":"https:\/\/www.europesays.com\/fr\/wp-json\/wp\/v2\/posts\/504870\/revisions"}],"wp:featuredmedia":[{"embeddable":true,"href":"https:\/\/www.europesays.com\/fr\/wp-json\/wp\/v2\/media\/381104"}],"wp:attachment":[{"href":"https:\/\/www.europesays.com\/fr\/wp-json\/wp\/v2\/media?parent=504870"}],"wp:term":[{"taxonomy":"category","embeddable":true,"href":"https:\/\/www.europesays.com\/fr\/wp-json\/wp\/v2\/categories?post=504870"},{"taxonomy":"post_tag","embeddable":true,"href":"https:\/\/www.europesays.com\/fr\/wp-json\/wp\/v2\/tags?post=504870"}],"curies":[{"name":"wp","href":"https:\/\/api.w.org\/{rel}","templated":true}]}}