{"id":504871,"date":"2025-11-01T16:07:12","date_gmt":"2025-11-01T16:07:12","guid":{"rendered":"https:\/\/www.europesays.com\/fr\/504871\/"},"modified":"2025-11-01T16:07:12","modified_gmt":"2025-11-01T16:07:12","slug":"au-conseil-de-securite-le-royaume-uni-reitere-son-soutien-au-plan-marocain-dautonomie-au-sahara","status":"publish","type":"post","link":"https:\/\/www.europesays.com\/fr\/504871\/","title":{"rendered":"Au Conseil de s\u00e9curit\u00e9, le Royaume-Uni r\u00e9it\u00e8re son soutien au plan marocain d&rsquo;autonomie au Sahara"},"content":{"rendered":"<p><strong>Le Royaume-Uni a r\u00e9affirm\u00e9 devant le Conseil de s\u00e9curit\u00e9 de l\u2019ONU son soutien \u00e0 l\u2019Initiative marocaine d\u2019autonomie comme \u00ab\u00a0la base la plus cr\u00e9dible, viable et pragmatique\u00a0\u00bb pour parvenir \u00e0 une solution d\u00e9finitive au diff\u00e9rend r\u00e9gional autour du Sahara marocain.<\/strong><\/p>\n<p>\u00ab\u00a0Nous nous f\u00e9licitons que la r\u00e9solution (2797) met en avant la Proposition d\u2019autonomie pr\u00e9sent\u00e9e par le Maroc en 2007, que le Royaume-Uni consid\u00e8re comme la base la plus cr\u00e9dible, viable et pragmatique\u00a0\u00bb pour clore d\u00e9finitivement ce diff\u00e9rend artificiel, a soulign\u00e9 le Charg\u00e9 d&rsquo;Affaires \u00e0 la Mission permanente britannique aupr\u00e8s de l\u2019ONU, James Kariuki, \u00e0 l\u2019issue de l\u2019adoption vendredi de cette r\u00e9solution par le Conseil de s\u00e9curit\u00e9.<\/p>\n<p>Le diplomate britannique a, en outre, salu\u00e9 les efforts de l\u2019Envoy\u00e9 personnel du Secr\u00e9taire g\u00e9n\u00e9ral de l\u2019ONU pour le Sahara marocain, Staffan de Mistura, appelant les parties \u00e0 s\u2019engager de bonne foi et dans un esprit de compromis dans les n\u00e9gociations visant \u00e0 parvenir \u00e0 une solution d\u00e9finitive.<\/p>\n<p>Il a aussi salu\u00e9 le leadership des Etats-Unis, porte-plume de cette r\u00e9solution, qui constitue \u00ab\u00a0un pas en avant\u00a0\u00bb vers une solution politique juste et durable \u00e0 ce diff\u00e9rend r\u00e9gional.<\/p>\n","protected":false},"excerpt":{"rendered":"Le Royaume-Uni a r\u00e9affirm\u00e9 devant le Conseil de s\u00e9curit\u00e9 de l\u2019ONU son soutien \u00e0 l\u2019Initiative marocaine d\u2019autonomie comme&hellip;\n","protected":false},"author":2,"featured_media":504872,"comment_status":"","ping_status":"","sticky":false,"template":"","format":"standard","meta":{"footnotes":""},"categories":[1588],"tags":[11,1777,674,22255,12,3521,473,1853,27484,1851,1850,1852],"class_list":{"0":"post-504871","1":"post","2":"type-post","3":"status-publish","4":"format-standard","5":"has-post-thumbnail","7":"category-royaume-uni","8":"tag-actualites","9":"tag-eu","10":"tag-europe","11":"tag-maroc-royaume-uni","12":"tag-news","13":"tag-onu","14":"tag-royaume-uni","15":"tag-royaume-uni-de-grande-bretagne-et-dirlande-du-nord","16":"tag-sahara-marocain","17":"tag-uk","18":"tag-united-kingdom","19":"tag-united-kingdom-of-great-britain-and-northern-ireland"},"share_on_mastodon":{"url":"https:\/\/pubeurope.com\/@fr\/115475306453989282","error":""},"_links":{"self":[{"href":"https:\/\/www.europesays.com\/fr\/wp-json\/wp\/v2\/posts\/504871","targetHints":{"allow":["GET"]}}],"collection":[{"href":"https:\/\/www.europesays.com\/fr\/wp-json\/wp\/v2\/posts"}],"about":[{"href":"https:\/\/www.europesays.com\/fr\/wp-json\/wp\/v2\/types\/post"}],"author":[{"embeddable":true,"href":"https:\/\/www.europesays.com\/fr\/wp-json\/wp\/v2\/users\/2"}],"replies":[{"embeddable":true,"href":"https:\/\/www.europesays.com\/fr\/wp-json\/wp\/v2\/comments?post=504871"}],"version-history":[{"count":0,"href":"https:\/\/www.europesays.com\/fr\/wp-json\/wp\/v2\/posts\/504871\/revisions"}],"wp:featuredmedia":[{"embeddable":true,"href":"https:\/\/www.europesays.com\/fr\/wp-json\/wp\/v2\/media\/504872"}],"wp:attachment":[{"href":"https:\/\/www.europesays.com\/fr\/wp-json\/wp\/v2\/media?parent=504871"}],"wp:term":[{"taxonomy":"category","embeddable":true,"href":"https:\/\/www.europesays.com\/fr\/wp-json\/wp\/v2\/categories?post=504871"},{"taxonomy":"post_tag","embeddable":true,"href":"https:\/\/www.europesays.com\/fr\/wp-json\/wp\/v2\/tags?post=504871"}],"curies":[{"name":"wp","href":"https:\/\/api.w.org\/{rel}","templated":true}]}}