{"id":504885,"date":"2025-11-01T16:15:16","date_gmt":"2025-11-01T16:15:16","guid":{"rendered":"https:\/\/www.europesays.com\/fr\/504885\/"},"modified":"2025-11-01T16:15:16","modified_gmt":"2025-11-01T16:15:16","slug":"volley-ball-larago-de-sete-doit-maintenant-stabiliser-la-solidite-affichee-a-chaumont","status":"publish","type":"post","link":"https:\/\/www.europesays.com\/fr\/504885\/","title":{"rendered":"Volley-ball\u00a0: l\u2019Arago de S\u00e8te doit maintenant stabiliser la solidit\u00e9 affich\u00e9e \u00e0 Chaumont"},"content":{"rendered":"<p>\n                                                                Larges vainqueurs mardi, les S\u00e9tois re\u00e7oivent Tourcoing ce samedi 1er\u00a0novembre \u00e0 19\u00a0h\u00a030, au palais des sports de B\u00e9ziers M\u00e9diterran\u00e9e.\n                            <\/p>\n<p>Mardi soir, les troupes de l\u2019Arago ont largement contribu\u00e9 \u00e0 rapprocher Chaumont d\u2019un d\u00e9but de crise. Sur le parquet haut-marnais, il n\u2019y avait qu\u2019une seule \u00e9quipe, les scores de chaque set ne mentent pas (16-25, 18-25, 15-25).<\/p>\n<p>Une fess\u00e9e en bonne et due forme, appliqu\u00e9e par des S\u00e9tois transfigur\u00e9s apr\u00e8s le derby occitan. \u00ab\u00a0C\u2019est tr\u00e8s bien de prendre trois points chez une \u00e9quipe qui n\u2019est pas facile \u00e0 jouer\u00a0\u00bb, d\u00e9clare Fulvio Bertini. \u00ab\u00a0Mais surtout, je suis content par rapport \u00e0 Narbonne. On a baiss\u00e9 les fautes directes et les fautes de service. On a opt\u00e9 pour des variations de service, avec des choix plus tactiques et moins physiques, \u00e7a a bien march\u00e9. Contre Narbonne, on a mal jou\u00e9. Donc je n\u2019avais aucun doute quant \u00e0 la r\u00e9action des joueurs. On a analys\u00e9 et corrig\u00e9 nos faiblesses pour \u00eatre plus solides. Maintenant, on va devoir stabiliser cette solidit\u00e9 sur les prochains matchs.\u00a0\u00bb<\/p>\n<p>Un petit pas en plus<\/p>\n<p>Et notamment sur celui qui va les opposer \u00e0 Tourcoing ce samedi. Des Nordistes qui ont commenc\u00e9 par deux victoires, \u00e0 Nice et contre Paris, avant de s\u2019incliner \u00e0 Montpellier. \u00ab\u00a0Ils sont forts en r\u00e9ception, donc ce sera un peu diff\u00e9rent\u00a0\u00bb, poursuit le coach s\u00e9tois. \u00ab\u00a0J\u2019ai entra\u00een\u00e9 Martinez, je peux dire que c\u2019est un deuxi\u00e8me lib\u00e9ro sur le terrain. Tourcoing est une tr\u00e8s belle \u00e9quipe, tr\u00e8s compl\u00e8te. Ils ont un tr\u00e8s bon passeur, qui a montr\u00e9 de belles choses avec Nice la saison pass\u00e9e, et un pointu puissant. Ils sont aussi tr\u00e8s stables offensivement. \u00c0 nous de faire un petit pas en plus pour aller chercher des points.\u00a0\u00bb<\/p>\n<p>Les deux formations partagent le m\u00eame bilan, \u00e0 un set pr\u00e8s. L\u2019occasion de s\u2019installer dans la partie haute du tableau\u00a0? \u00ab\u00a0Nous n\u2019avons aucun regard sur le classement\u00a0\u00bb, r\u00e9torque Fulvio Bertini. \u00ab\u00a0Avec Nantes, j\u2019\u00e9tais avant-dernier \u00e0 la fin de la phase aller, puis troisi\u00e8me au final. C\u2019est le championnat de France. Arr\u00eatons \u00e9galement de perdre de l\u2019\u00e9nergie en nous demandant si, \u00e0 B\u00e9ziers, on joue chez nous ou pas. On joue \u00e0 la maison, on doit prendre des points.\u00a0\u00bb<\/p>\n","protected":false},"excerpt":{"rendered":"Larges vainqueurs mardi, les S\u00e9tois re\u00e7oivent Tourcoing ce samedi 1er\u00a0novembre \u00e0 19\u00a0h\u00a030, au palais des sports de B\u00e9ziers&hellip;\n","protected":false},"author":2,"featured_media":504886,"comment_status":"","ping_status":"","sticky":false,"template":"","format":"standard","meta":{"footnotes":""},"categories":[1417],"tags":[1011,27,60,1470,1469],"class_list":{"0":"post-504885","1":"post","2":"type-post","3":"status-publish","4":"format-standard","5":"has-post-thumbnail","7":"category-volley","8":"tag-fr","9":"tag-france","10":"tag-sports","11":"tag-volley","12":"tag-volleyball"},"share_on_mastodon":{"url":"https:\/\/pubeurope.com\/@fr\/115475338014131639","error":""},"_links":{"self":[{"href":"https:\/\/www.europesays.com\/fr\/wp-json\/wp\/v2\/posts\/504885","targetHints":{"allow":["GET"]}}],"collection":[{"href":"https:\/\/www.europesays.com\/fr\/wp-json\/wp\/v2\/posts"}],"about":[{"href":"https:\/\/www.europesays.com\/fr\/wp-json\/wp\/v2\/types\/post"}],"author":[{"embeddable":true,"href":"https:\/\/www.europesays.com\/fr\/wp-json\/wp\/v2\/users\/2"}],"replies":[{"embeddable":true,"href":"https:\/\/www.europesays.com\/fr\/wp-json\/wp\/v2\/comments?post=504885"}],"version-history":[{"count":0,"href":"https:\/\/www.europesays.com\/fr\/wp-json\/wp\/v2\/posts\/504885\/revisions"}],"wp:featuredmedia":[{"embeddable":true,"href":"https:\/\/www.europesays.com\/fr\/wp-json\/wp\/v2\/media\/504886"}],"wp:attachment":[{"href":"https:\/\/www.europesays.com\/fr\/wp-json\/wp\/v2\/media?parent=504885"}],"wp:term":[{"taxonomy":"category","embeddable":true,"href":"https:\/\/www.europesays.com\/fr\/wp-json\/wp\/v2\/categories?post=504885"},{"taxonomy":"post_tag","embeddable":true,"href":"https:\/\/www.europesays.com\/fr\/wp-json\/wp\/v2\/tags?post=504885"}],"curies":[{"name":"wp","href":"https:\/\/api.w.org\/{rel}","templated":true}]}}