{"id":504889,"date":"2025-11-01T16:17:18","date_gmt":"2025-11-01T16:17:18","guid":{"rendered":"https:\/\/www.europesays.com\/fr\/504889\/"},"modified":"2025-11-01T16:17:18","modified_gmt":"2025-11-01T16:17:18","slug":"si-djokovic-joue-deux-ans-de-plus-il-deviendra-le-plus-populaire-de-tous-les-temps","status":"publish","type":"post","link":"https:\/\/www.europesays.com\/fr\/504889\/","title":{"rendered":"\u00ab Si Djokovic joue deux ans de plus, il deviendra le plus populaire de tous les temps \u00bb"},"content":{"rendered":"<p>                <img decoding=\"async\" src=\"https:\/\/www.europesays.com\/fr\/wp-content\/uploads\/2025\/11\/4gM8.jpg\" fetchpriority=\"high\" alt=\"Becker : \u00ab Si Djokovic joue deux ans de plus, il deviendra le plus populaire de tous les temps \u00bb\"\/><\/p>\n<p>Boris Becker, ancien coach de Novak Djokovic entre 2013 et 2016, a \u00e9voqu\u00e9 l\u2019avenir du Serbe sur le circuit ATP, dans une interview relay\u00e9e par Punto de Break.<\/p>\n<p>\u00ab Il a gagn\u00e9 le respect qu\u2019il a toujours m\u00e9rit\u00e9. S\u2019il joue un ou deux ans de plus, il deviendra le joueur de tennis le plus populaire de tous les temps, car plus il reste de temps sur le court, plus les gens se rendront compte de ce qu\u2019est vraiment Novak. \u00bb<\/p>\n<p>Une d\u00e9claration forte faite \u00e0 un homme qui l\u2019a toujours soutenu, et ce, m\u00eame dans les moments les plus sombres de sa vie :<\/p>\n<p>\u00ab Quand j\u2019\u00e9tais en prison, Novak m\u2019a soutenu. 95 % de mes amis m\u2019ont oubli\u00e9 \u00e0 ce moment-l\u00e0. Pas lui. Nous sommes donc une vraie famille. \u00bb<\/p>\n","protected":false},"excerpt":{"rendered":"Boris Becker, ancien coach de Novak Djokovic entre 2013 et 2016, a \u00e9voqu\u00e9 l\u2019avenir du Serbe sur le&hellip;\n","protected":false},"author":2,"featured_media":504890,"comment_status":"","ping_status":"","sticky":false,"template":"","format":"standard","meta":{"footnotes":""},"categories":[1415],"tags":[1011,27,60,1467],"class_list":{"0":"post-504889","1":"post","2":"type-post","3":"status-publish","4":"format-standard","5":"has-post-thumbnail","7":"category-tennis","8":"tag-fr","9":"tag-france","10":"tag-sports","11":"tag-tennis"},"share_on_mastodon":{"url":"https:\/\/pubeurope.com\/@fr\/115475346367283721","error":""},"_links":{"self":[{"href":"https:\/\/www.europesays.com\/fr\/wp-json\/wp\/v2\/posts\/504889","targetHints":{"allow":["GET"]}}],"collection":[{"href":"https:\/\/www.europesays.com\/fr\/wp-json\/wp\/v2\/posts"}],"about":[{"href":"https:\/\/www.europesays.com\/fr\/wp-json\/wp\/v2\/types\/post"}],"author":[{"embeddable":true,"href":"https:\/\/www.europesays.com\/fr\/wp-json\/wp\/v2\/users\/2"}],"replies":[{"embeddable":true,"href":"https:\/\/www.europesays.com\/fr\/wp-json\/wp\/v2\/comments?post=504889"}],"version-history":[{"count":0,"href":"https:\/\/www.europesays.com\/fr\/wp-json\/wp\/v2\/posts\/504889\/revisions"}],"wp:featuredmedia":[{"embeddable":true,"href":"https:\/\/www.europesays.com\/fr\/wp-json\/wp\/v2\/media\/504890"}],"wp:attachment":[{"href":"https:\/\/www.europesays.com\/fr\/wp-json\/wp\/v2\/media?parent=504889"}],"wp:term":[{"taxonomy":"category","embeddable":true,"href":"https:\/\/www.europesays.com\/fr\/wp-json\/wp\/v2\/categories?post=504889"},{"taxonomy":"post_tag","embeddable":true,"href":"https:\/\/www.europesays.com\/fr\/wp-json\/wp\/v2\/tags?post=504889"}],"curies":[{"name":"wp","href":"https:\/\/api.w.org\/{rel}","templated":true}]}}