{"id":504893,"date":"2025-11-01T16:22:13","date_gmt":"2025-11-01T16:22:13","guid":{"rendered":"https:\/\/www.europesays.com\/fr\/504893\/"},"modified":"2025-11-01T16:22:13","modified_gmt":"2025-11-01T16:22:13","slug":"aubameyang-en-pointe-vaz-pour-confirmer-et-paixao-sur-le-banc-decouvrez-les-compositions-probables","status":"publish","type":"post","link":"https:\/\/www.europesays.com\/fr\/504893\/","title":{"rendered":"Aubameyang en pointe, Vaz pour confirmer et Paixao sur le banc\u2026 d\u00e9couvrez les compositions probables"},"content":{"rendered":"<p>Comme mercredi, Roberto De Zerbi devra se passer de Balerdi, Weah, Kondogbia, Medina, Traor\u00e9 et Gouiri. Une liste \u00e0 laquelle se rajoute le malheureux Nadir,<a href=\"https:\/\/www.laprovence.com\/article\/om\/7986815550158214\/om-apres-le-club-bilal-nadir-rassure-sur-son-etat-de-sante\" target=\"_blank\" rel=\"nofollow noopener\"> victime d\u2019un malaise en plein match<\/a> contre Angers et qui restera au repos \u00e0 Marseille ce week-end.<\/p>\n<p>Selon les indiscr\u00e9tions de nos journalistes le coach transalpin devrait tout de m\u00eame proc\u00e9der \u00e0 quelques changements par rapport \u00e0 l\u2019\u00e9quipe de mercredi. Son 4-3-3 s&rsquo;articulerait autour de Rulli dans le but, prot\u00e9g\u00e9 par une charni\u00e8re o\u00f9 Aguerd serait reconduit alors que Pavard r\u00e9int\u00e9grerait l\u2019axe droit de la d\u00e9fense. C\u00f4t\u00e9 couloirs, Murillo \u00e0 droite et Emerson \u00e0 gauche devraient eux aussi \u00eatre \u00e0 nouveau titulaires.<\/p>\n<p>Peu en r\u00e9ussite mercredi, le Panam\u00e9en aurait l\u00e0 l\u2019occasion de prouver qu\u2019il ne s\u2019agissait que d\u2019un accident de parcours. Le milieu devrait encore voir s\u2019associer la paire Pierre-Emile Hojbjerg et Arthur Vermeeren, alors que Matt O\u2019Riley reviendrait dans le onze dans le c\u0153ur du jeu. Enfin, le trident offensif serait compos\u00e9 de Greenwood \u00e0 droite, trop neutre mercredi, d\u2019Aubameyang en pointe et du jeune Robinio Vaz (18\u00a0ans), qui aurait convaincu son coach de lui offrir une troisi\u00e8me titularisation en Ligue 1, <a href=\"https:\/\/www.laprovence.com\/article\/om\/1125673782507314\/om-angers-2-2-auteur-dun-double-vaz-ne-pouvait-pas-tout-faire\" target=\"_blank\" rel=\"nofollow noopener\">apr\u00e8s sa superbe entr\u00e9e en jeu face \u00e0 Angers<\/a>, valid\u00e9e par deux jolis buts.<\/p>\n<p>Un onze qui, sur le papier, pr\u00e9sente de belles garanties et devrait \u00eatre en capacit\u00e9 de s\u2019imposer sur la pelouse de l\u2019Abb\u00e9-Deschamps ce soir (21h05).<\/p>\n<p>La composition probable de l\u2019OM (4-3-3)<\/p>\n<p>Rulli &#8211; Murillo, Pavard, Aguerd, Emerson &#8211; Hojbjerg (c.), Vermeeren, O\u2019Riley &#8211; Greenwood, Aubameyang, Vaz.<\/p>\n<p>REMPLA\u00c7ANTS\u00a0: De Lange (g.), Vermot (g.), Egan-Riley, Garcia, Lirola, Gomes, Bakola, Mmadi, Paixao.<\/p>\n<p>ENTRA\u00ceNEUR\u00a0: Roberto De Zerbi.<\/p>\n<p>La composition probable du l\u2019AJ Auxerre (3-4-3)<\/p>\n<p>L\u00e9on- Diomand\u00e9, Sierralta, Akpa- Senaya, Owuzu (c.), Danois, Mensah- Casimir, Mara, Sinayako.<\/p>\n<p>REMPLA\u00c7ANTS\u00a0: De Percin (g.), Sy, Oppegard, Diouss\u00e9, Matondo, Devernois, Zaddy, Coulibaly, Namaso, Osman, Rodin<\/p>\n<p>ENTRA\u00ceNEUR\u00a0: Christophe P\u00e9lissier.<\/p>\n","protected":false},"excerpt":{"rendered":"Comme mercredi, Roberto De Zerbi devra se passer de Balerdi, Weah, Kondogbia, Medina, Traor\u00e9 et Gouiri. Une liste&hellip;\n","protected":false},"author":2,"featured_media":504894,"comment_status":"","ping_status":"","sticky":false,"template":"","format":"standard","meta":{"footnotes":""},"categories":[1410],"tags":[17,39855,62655,17731,63,1011,27,149,42135,42371,471,60,47630],"class_list":{"0":"post-504893","1":"post","2":"type-post","3":"status-publish","4":"format-standard","5":"has-post-thumbnail","7":"category-football","8":"tag-17","9":"tag-aubameyang","10":"tag-auxerre-om","11":"tag-confirmer","12":"tag-football","13":"tag-fr","14":"tag-france","15":"tag-om","16":"tag-paixao","17":"tag-pointe","18":"tag-pour","19":"tag-sports","20":"tag-vaz"},"share_on_mastodon":{"url":"https:\/\/pubeurope.com\/@fr\/115475365793258538","error":""},"_links":{"self":[{"href":"https:\/\/www.europesays.com\/fr\/wp-json\/wp\/v2\/posts\/504893","targetHints":{"allow":["GET"]}}],"collection":[{"href":"https:\/\/www.europesays.com\/fr\/wp-json\/wp\/v2\/posts"}],"about":[{"href":"https:\/\/www.europesays.com\/fr\/wp-json\/wp\/v2\/types\/post"}],"author":[{"embeddable":true,"href":"https:\/\/www.europesays.com\/fr\/wp-json\/wp\/v2\/users\/2"}],"replies":[{"embeddable":true,"href":"https:\/\/www.europesays.com\/fr\/wp-json\/wp\/v2\/comments?post=504893"}],"version-history":[{"count":0,"href":"https:\/\/www.europesays.com\/fr\/wp-json\/wp\/v2\/posts\/504893\/revisions"}],"wp:featuredmedia":[{"embeddable":true,"href":"https:\/\/www.europesays.com\/fr\/wp-json\/wp\/v2\/media\/504894"}],"wp:attachment":[{"href":"https:\/\/www.europesays.com\/fr\/wp-json\/wp\/v2\/media?parent=504893"}],"wp:term":[{"taxonomy":"category","embeddable":true,"href":"https:\/\/www.europesays.com\/fr\/wp-json\/wp\/v2\/categories?post=504893"},{"taxonomy":"post_tag","embeddable":true,"href":"https:\/\/www.europesays.com\/fr\/wp-json\/wp\/v2\/tags?post=504893"}],"curies":[{"name":"wp","href":"https:\/\/api.w.org\/{rel}","templated":true}]}}