{"id":504897,"date":"2025-11-01T16:24:12","date_gmt":"2025-11-01T16:24:12","guid":{"rendered":"https:\/\/www.europesays.com\/fr\/504897\/"},"modified":"2025-11-01T16:24:12","modified_gmt":"2025-11-01T16:24:12","slug":"louvre-en-mot-de-passe-logiciels-obsoletes-mises-a-jour-impossibles-dix-ans-de-failles-dans-la-securite-informatique-du-premier-musee-au-monde","status":"publish","type":"post","link":"https:\/\/www.europesays.com\/fr\/504897\/","title":{"rendered":"\u00abLouvre\u00bb en mot de passe, logiciels obsol\u00e8tes, mises \u00e0 jour impossibles\u2026 Dix\u00a0ans de failles dans la s\u00e9curit\u00e9 informatique du premier mus\u00e9e au monde"},"content":{"rendered":"<p class=\"sc-cPiKLX AiZTS text-element\">\u00abLes dispositifs de s\u00e9curit\u00e9 du mus\u00e9e n\u2019ont pas \u00e9t\u00e9 d\u00e9faillants\u00bb, martelait la ministre de la Culture, Rachida Dati, peu apr\u00e8s <a href=\"https:\/\/www.liberation.fr\/societe\/police-justice\/braquage-du-louvre-rachida-dati-deplore-une-sous-estimation-chronique-des-risques-dintrusion-20251031_PLLTDU6EQZB4LEFPFQXZR6VNMA\/?redirected=1\" target=\"_blank\" rel=\"noopener\" title=\"https:\/\/www.liberation.fr\/societe\/police-justice\/braquage-du-louvre-rachida-dati-deplore-une-sous-estimation-chronique-des-risques-dintrusion-20251031_PLLTDU6EQZB4LEFPFQXZR6VNMA\/?redirected=1\">le cambriolage spectaculaire du 19 octobre au mus\u00e9e du Louvre<\/a>. Dix jours plus tard, le ton a chang\u00e9. Le 28 octobre, tout en maintenant que \u00ables alarmes ont fonctionn\u00e9\u00bb, elle soulignait devant le S\u00e9nat que \u00abdes failles s\u00e9curitaires ont bien exist\u00e9\u00bb. Et comptait \u00abfaire toute la lumi\u00e8re sur les d\u00e9faillances, les manquements et les responsabilit\u00e9s\u00bb. Avant d\u2019annoncer, trois jours plus tard, les premi\u00e8res <a href=\"https:\/\/www.culture.gouv.fr\/presse\/communiques-de-presse\/enquete-administrative-confiee-a-l-igac-a-la-suite-du-vol-survenu-au-musee-du-louvre-premieres-conclusions-et-mesures-d-urgence\" target=\"_blank\" rel=\"noopener\" title=\"https:\/\/www.culture.gouv.fr\/presse\/communiques-de-presse\/enquete-administrative-confiee-a-l-igac-a-la-suite-du-vol-survenu-au-musee-du-louvre-premieres-conclusions-et-mesures-d-urgence\">mesures d\u2019urgence<\/a> pour auditer et colmater les failles de s\u00e9curit\u00e9. Ce rapide durcissement s\u2019expl<\/p>\n","protected":false},"excerpt":{"rendered":"\u00abLes dispositifs de s\u00e9curit\u00e9 du mus\u00e9e n\u2019ont pas \u00e9t\u00e9 d\u00e9faillants\u00bb, martelait la ministre de la Culture, Rachida Dati,&hellip;\n","protected":false},"author":2,"featured_media":504898,"comment_status":"","ping_status":"","sticky":false,"template":"","format":"standard","meta":{"footnotes":""},"categories":[1358],"tags":[1348,1384,1385,1386,58,59,1011,27,3094],"class_list":{"0":"post-504897","1":"post","2":"type-post","3":"status-publish","4":"format-standard","5":"has-post-thumbnail","7":"category-arts-et-design","8":"tag-arts","9":"tag-arts-and-design","10":"tag-arts-et-design","11":"tag-design","12":"tag-divertissement","13":"tag-entertainment","14":"tag-fr","15":"tag-france","16":"tag-musee-du-louvre"},"share_on_mastodon":{"url":"https:\/\/pubeurope.com\/@fr\/115475373334507222","error":""},"_links":{"self":[{"href":"https:\/\/www.europesays.com\/fr\/wp-json\/wp\/v2\/posts\/504897","targetHints":{"allow":["GET"]}}],"collection":[{"href":"https:\/\/www.europesays.com\/fr\/wp-json\/wp\/v2\/posts"}],"about":[{"href":"https:\/\/www.europesays.com\/fr\/wp-json\/wp\/v2\/types\/post"}],"author":[{"embeddable":true,"href":"https:\/\/www.europesays.com\/fr\/wp-json\/wp\/v2\/users\/2"}],"replies":[{"embeddable":true,"href":"https:\/\/www.europesays.com\/fr\/wp-json\/wp\/v2\/comments?post=504897"}],"version-history":[{"count":0,"href":"https:\/\/www.europesays.com\/fr\/wp-json\/wp\/v2\/posts\/504897\/revisions"}],"wp:featuredmedia":[{"embeddable":true,"href":"https:\/\/www.europesays.com\/fr\/wp-json\/wp\/v2\/media\/504898"}],"wp:attachment":[{"href":"https:\/\/www.europesays.com\/fr\/wp-json\/wp\/v2\/media?parent=504897"}],"wp:term":[{"taxonomy":"category","embeddable":true,"href":"https:\/\/www.europesays.com\/fr\/wp-json\/wp\/v2\/categories?post=504897"},{"taxonomy":"post_tag","embeddable":true,"href":"https:\/\/www.europesays.com\/fr\/wp-json\/wp\/v2\/tags?post=504897"}],"curies":[{"name":"wp","href":"https:\/\/api.w.org\/{rel}","templated":true}]}}