{"id":504901,"date":"2025-11-01T16:27:15","date_gmt":"2025-11-01T16:27:15","guid":{"rendered":"https:\/\/www.europesays.com\/fr\/504901\/"},"modified":"2025-11-01T16:27:15","modified_gmt":"2025-11-01T16:27:15","slug":"avec-la-q-pop-le-kazakhstan-se-desovietise-et-se-devirilise-en-musique-liberation","status":"publish","type":"post","link":"https:\/\/www.europesays.com\/fr\/504901\/","title":{"rendered":"Avec la Q-pop, le Kazakhstan se d\u00e9sovi\u00e9tise et se d\u00e9virilise en musique \u2013 Lib\u00e9ration"},"content":{"rendered":"<p class=\"sc-cPiKLX AiZTS text-element\">Ils ont des cheveux platine, des boucles d\u2019oreilles, des bracelets aux poignets et virevoltent sur une chor\u00e9graphie millim\u00e9tr\u00e9e et une musique techno. Mais en d\u00e9pit de ces apparences qui ont fait le tour du monde depuis la Cor\u00e9e du Sud, ces cinq chanteurs ne forment pas un \u00e9ni\u00e8me groupe de K-pop. A une consonne pr\u00e8s, ce sont les membres de Ninety One, principaux repr\u00e9sentants de la Q-pop, sa cousine kazakhe \u2013 le \u00abQ\u00bb pour \u00abQazaqstan\u00bb, le nom de leur pays transcrit du cyrillique vers l\u2019alphabet latin.<\/p>\n<p class=\"sc-cPiKLX AiZTS text-element\">Le Kazakhstan a d\u00e9couvert ce nouveau genre musical avec <a href=\"https:\/\/www.youtube.com\/watch?v=zu82T0O5aog\" target=\"_blank\" rel=\"noopener\">Ayyptama<\/a> (\u00abNe me bl\u00e2me pas\u00bb), premier single de leur groupe en 2015. Apr\u00e8s des d\u00e9cennies de domination sovi\u00e9tique, de 1936 \u00e0 1991, une question hante le pays : qu\u2019est-ce qu\u2019\u00eatre kazakh ? Ninety One, dont le nom renvoie \u00e0 l\u2019ann\u00e9e de l\u2019ind\u00e9pendance, propose en musique une r\u00e9ponse qui divise. Car si le clip d\u2019Ayyptama ravit les ados, le reste du pays est choqu\u00e9. \u00abD\u00e9gagez!\u00bb, \u00abHonte \u00e0 vous !\u00bb leur lan\u00e7aient en 2016 des manifestants \u00e0 Karaganda, dans le centre du pays, o\u00f9 leur concert finira par \u00eatre annul\u00e9. \u00abAucun parent ne voudrait que son fils ressemble \u00e0 une femme\u00bb, balance une militante conservatrice dans le documentaire <a href=\"https:\/\/www.youtube.com\/watch?v=UreqjWn5yU0\" target=\"_blank\" rel=\"noopener\">Men Sen Emes<\/a>, en 2021. Leur producteur, Yerbolat Bedelkhan, doit bien l\u2019admettre : les Ninety One \u00abont secou\u00e9 l <\/p>\n","protected":false},"excerpt":{"rendered":"Ils ont des cheveux platine, des boucles d\u2019oreilles, des bracelets aux poignets et virevoltent sur une chor\u00e9graphie millim\u00e9tr\u00e9e&hellip;\n","protected":false},"author":2,"featured_media":504902,"comment_status":"","ping_status":"","sticky":false,"template":"","format":"standard","meta":{"footnotes":""},"categories":[1355],"tags":[58,59,1011,27,4955,1361,873,10044],"class_list":{"0":"post-504901","1":"post","2":"type-post","3":"status-publish","4":"format-standard","5":"has-post-thumbnail","7":"category-musique","8":"tag-divertissement","9":"tag-entertainment","10":"tag-fr","11":"tag-france","12":"tag-kazakhstan","13":"tag-music","14":"tag-musique","15":"tag-pop"},"share_on_mastodon":{"url":"https:\/\/pubeurope.com\/@fr\/115475385233384542","error":""},"_links":{"self":[{"href":"https:\/\/www.europesays.com\/fr\/wp-json\/wp\/v2\/posts\/504901","targetHints":{"allow":["GET"]}}],"collection":[{"href":"https:\/\/www.europesays.com\/fr\/wp-json\/wp\/v2\/posts"}],"about":[{"href":"https:\/\/www.europesays.com\/fr\/wp-json\/wp\/v2\/types\/post"}],"author":[{"embeddable":true,"href":"https:\/\/www.europesays.com\/fr\/wp-json\/wp\/v2\/users\/2"}],"replies":[{"embeddable":true,"href":"https:\/\/www.europesays.com\/fr\/wp-json\/wp\/v2\/comments?post=504901"}],"version-history":[{"count":0,"href":"https:\/\/www.europesays.com\/fr\/wp-json\/wp\/v2\/posts\/504901\/revisions"}],"wp:featuredmedia":[{"embeddable":true,"href":"https:\/\/www.europesays.com\/fr\/wp-json\/wp\/v2\/media\/504902"}],"wp:attachment":[{"href":"https:\/\/www.europesays.com\/fr\/wp-json\/wp\/v2\/media?parent=504901"}],"wp:term":[{"taxonomy":"category","embeddable":true,"href":"https:\/\/www.europesays.com\/fr\/wp-json\/wp\/v2\/categories?post=504901"},{"taxonomy":"post_tag","embeddable":true,"href":"https:\/\/www.europesays.com\/fr\/wp-json\/wp\/v2\/tags?post=504901"}],"curies":[{"name":"wp","href":"https:\/\/api.w.org\/{rel}","templated":true}]}}