{"id":504912,"date":"2025-11-01T16:33:14","date_gmt":"2025-11-01T16:33:14","guid":{"rendered":"https:\/\/www.europesays.com\/fr\/504912\/"},"modified":"2025-11-01T16:33:14","modified_gmt":"2025-11-01T16:33:14","slug":"larrivee-de-shein-au-bhv-provoque-la-colere-noire-de-la-federation-du-pret-a-porter-feminin","status":"publish","type":"post","link":"https:\/\/www.europesays.com\/fr\/504912\/","title":{"rendered":"L\u2019arriv\u00e9e de Shein au BHV provoque la col\u00e8re noire de la f\u00e9d\u00e9ration du pr\u00eat-\u00e0-porter f\u00e9minin"},"content":{"rendered":"<p>        <img decoding=\"async\" loading=\"lazy\" src=\"https:\/\/www.europesays.com\/fr\/wp-content\/uploads\/2025\/11\/183182f_1717408720239-gettyimages-1734340951.jpg\"  width=\"728\" height=\"409\" alt=\"Photo d\u2019illustration. Une boutique \u00e9ph\u00e9m\u00e8re de Shein, dans un centre commercial \u00e0 Ontario, au Canada, en\u00a0octobre 2023.\"\/>  <\/p>\n<p>Allen J. Schaben \/ Los Angeles Times via Getty Imag<\/p>\n<p>Photo d\u2019illustration. Une boutique \u00e9ph\u00e9m\u00e8re de Shein, dans un centre commercial \u00e0 Ontario, au Canada, en\u00a0octobre 2023.<\/p>\n<p class=\"asset asset-text\">MODE &#8211; Une premi\u00e8re mondiale qui choque. <a href=\"https:\/\/www.huffingtonpost.fr\/environnement\/article\/shein-temu-vous-ne-devriez-surtout-pas-acheter-ces-objets-selon-l-ufc-que-choisir_256579.html\" rel=\"nofollow noopener\" target=\"_blank\">Shein, la marque chinoise d\u2019ultra fast-fashion<\/a> connue pour ses articles \u00e0 bas prix, s\u2019appr\u00eate \u00e0 ouvrir son tout premier magasin permanent au monde\u2026 Et c\u2019est \u00e0 Paris, la capitale de la mode. La boutique ouvrira ses portes ce mercredi 5\u00a0novembre, <a href=\"https:\/\/www.huffingtonpost.fr\/economie\/article\/l-arrivee-de-shein-en-france-provoque-la-bronca-du-milieu-de-l-habillement_255492.html\" rel=\"nofollow noopener\" target=\"_blank\">au sixi\u00e8me \u00e9tage du BHV,<\/a> grand magasin historique du c\u0153ur de la capitale.<\/p>\n<p class=\"asset asset-text\">Ce samedi 1er\u00a0novembre, sur RMC, Yann Rivoallan, pr\u00e9sident de la F\u00e9d\u00e9ration fran\u00e7aise du pr\u00eat-\u00e0-porter f\u00e9minin, n\u2019a pas cach\u00e9 son indignation\u00a0: \u00ab\u00a0R\u00e9action de d\u00e9go\u00fbt\u00a0\u00bb, a-t-il lanc\u00e9 d\u2019entr\u00e9e. \u00ab\u00a0Shein, c\u2019est une soci\u00e9t\u00e9 pr\u00e9datrice qui a d\u00e9truit, en deux ans, pr\u00e8s de 15\u00a0000 emplois en France. On a des redressements judiciaires quasiment toutes les semaines.\u00a0\u00bb<\/p>\n<p class=\"asset asset-text\"><a href=\"https:\/\/www.huffingtonpost.fr\/economie\/article\/selon-l-ocde-l-activite-de-shein-n-est-pas-conforme-au-droit-francais-et-europeen_255402.html\" rel=\"nofollow noopener\" target=\"_blank\">Le g\u00e9ant asiatique<\/a> est critiqu\u00e9 depuis des ann\u00e9es pour le traitement de ses employ\u00e9s et son impact \u00e9cologique. Yann Rivoallan rappelle que 85\u00a0% des v\u00eatements Shein sont en plastique\u00a0: \u00ab\u00a0Quand on les porte, on ne s\u2019en rend pas compte, mais on se met clairement des sacs-poubelle sur soi.\u00a0\u00bb<\/p>\n<p class=\"asset asset-text\">Il alerte aussi sur la dangerosit\u00e9 de certains produits\u00a0: \u00ab\u00a0De nombreux tests ont \u00e9t\u00e9 effectu\u00e9s, r\u00e9v\u00e9lant des produits dangereux, notamment des chaussures qui contenaient du plomb, consid\u00e9r\u00e9 comme canc\u00e9rig\u00e8ne.\u00a0\u00bb<\/p>\n<p> La lecture de ce contenu est susceptible d\u2019entra\u00eener un d\u00e9p\u00f4t de cookies de la part de l\u2019op\u00e9rateur tiers qui l\u2019h\u00e9berge. Compte-tenu des choix que vous avez exprim\u00e9s en mati\u00e8re de d\u00e9p\u00f4t de cookies, nous avons bloqu\u00e9 l\u2019affichage de ce contenu. Si vous souhaitez y acc\u00e9der, vous devez accepter la cat\u00e9gorie de cookies \u201cContenus tiers\u201d en cliquant sur le bouton ci-dessous. <\/p>\n<p> Lire la Vid\u00e9o        <\/p>\n<p class=\"asset asset-text\">Le pr\u00e9sident de la F\u00e9d\u00e9ration fran\u00e7aise du pr\u00eat-\u00e0-porter f\u00e9minin s\u2019inqui\u00e8te de l\u2019implantation d\u2019une telle marque dans un lieu embl\u00e9matique\u00a0: \u00ab\u00a0Le BHV, c\u2019est un symbole. Les touristes qui viennent \u00e0 Paris vont voir \u201cShein BHV\u201d. Pour eux, la mode fran\u00e7aise, ce sera d\u00e9sormais Shein\u00a0\u00bb, insiste-t-il.<\/p>\n<p>    Les pr\u00e9paratifs avancent malgr\u00e9 la controverse    <\/p>\n<p class=\"asset asset-text\">Au BHV, les pr\u00e9paratifs du futur magasin de 1\u00a0000 m\u00b2 avancent rapidement ce samedi 1er\u00a0novembre, ont constat\u00e9 nos confr\u00e8res du <a href=\"https:\/\/www.leparisien.fr\/paris-75\/contre-vents-et-marees-shein-officialise-son-arrivee-au-bhv-de-paris-cette-marque-na-rien-a-faire-ici-31-10-2025-KILXVOZX4ZGXNDFFNU6K5JDYOQ.php\" target=\"_blank\" rel=\"noopener nofollow\" title=\"Nouvelle fen\u00eatre\">Parisien<\/a>. Le logo de Shein brille d\u00e9j\u00e0 en hauteur, tandis que les v\u00eatements f\u00e9minins commencent \u00e0 \u00eatre dispos\u00e9s sur les portants.<\/p>\n<p class=\"asset asset-text\">Yann Rivoallan ne m\u00e2che pas ses mots \u00e0 propos de Fr\u00e9d\u00e9ric Merlin, patron du BHV\u00a0: \u00ab\u00a0Il est en train de tuer le BHV petit \u00e0 petit\u00a0\u00bb. Il ajoute\u00a0: \u00ab\u00a0Soit il a choisi de trahir la France en s\u2019associant \u00e0 cette marque de la honte, soit c\u2019est quelqu\u2019un d\u2019une profonde incomp\u00e9tence incapable de g\u00e9rer ses magasins. Je penche plut\u00f4t pour cette deuxi\u00e8me hypoth\u00e8se, car quand on regarde les enseignes qui quittent le BHV et les all\u00e9es d\u00e9sormais vides\u2026\u00a0\u00bb.<\/p>\n<p class=\"asset asset-text\">Plusieurs marques partenaires ont d\u00e9j\u00e0 rompu leurs contrats avec le BHV. Dernier exemple en date\u00a0: <a href=\"https:\/\/www.huffingtonpost.fr\/economie\/article\/apres-la-polemique-shein-le-bhv-lache-par-disneyland-paris-pour-noel_256356.html\" rel=\"nofollow noopener\" target=\"_blank\">Disneyland Paris a annul\u00e9 un partenariat majeur<\/a>, qui pr\u00e9voyait l\u2019ouverture d\u2019une boutique \u00e9ph\u00e9m\u00e8re et la d\u00e9coration de toutes les vitrines du magasin pour No\u00ebl. Au-del\u00e0 des marques, plusieurs salari\u00e9s du BHV ont \u00e9galement fait part de leur indignation face \u00e0 l\u2019arriv\u00e9e de Shein.<\/p>\n<p class=\"asset asset-text\">L\u2019ouverture de Shein au BHV suscite la col\u00e8re au-del\u00e0 du b\u00e2timent. Serge Papin, le ministre fran\u00e7ais du Commerce, a lui m\u00eame d\u00e9nonc\u00e9 un \u00ab\u00a0mauvais signal\u00a0\u00bb, et Anne Hidalgo, la maire de Paris, a exprim\u00e9 sa \u00ab\u00a0profonde inqui\u00e9tude\u00a0\u00bb. Une p\u00e9tition en ligne contre l\u2019installation de ce magasin au BHV a \u00e9galement recueilli plus de 110\u00a0000 signatures.<\/p>\n<p class=\"asset asset-text\">Ce premier magasin durable inqui\u00e8te d\u2019autant plus qu\u2019il n\u2019est qu\u2019une premi\u00e8re \u00e9tape\u00a0: Shein pr\u00e9voit \u00e9galement d\u2019implanter cinq autres magasins en France, dans les Galeries Lafayette de Grenoble, Reims, Dijon, Limoges et Angers, toutes d\u00e9tenues par le groupe SGM de Fr\u00e9d\u00e9ric Merlin.<\/p>\n","protected":false},"excerpt":{"rendered":"Allen J. Schaben \/ Los Angeles Times via Getty Imag Photo d\u2019illustration. Une boutique \u00e9ph\u00e9m\u00e8re de Shein, dans&hellip;\n","protected":false},"author":2,"featured_media":504913,"comment_status":"","ping_status":"","sticky":false,"template":"","format":"standard","meta":{"footnotes":""},"categories":[6],"tags":[35,33,34,1011,27,985,626,1103],"class_list":{"0":"post-504912","1":"post","2":"type-post","3":"status-publish","4":"format-standard","5":"has-post-thumbnail","7":"category-economie","8":"tag-business","9":"tag-economie","10":"tag-economy","11":"tag-fr","12":"tag-france","13":"tag-mode","14":"tag-paris","15":"tag-pret-a-porter"},"share_on_mastodon":{"url":"https:\/\/pubeurope.com\/@fr\/115475410118188503","error":""},"_links":{"self":[{"href":"https:\/\/www.europesays.com\/fr\/wp-json\/wp\/v2\/posts\/504912","targetHints":{"allow":["GET"]}}],"collection":[{"href":"https:\/\/www.europesays.com\/fr\/wp-json\/wp\/v2\/posts"}],"about":[{"href":"https:\/\/www.europesays.com\/fr\/wp-json\/wp\/v2\/types\/post"}],"author":[{"embeddable":true,"href":"https:\/\/www.europesays.com\/fr\/wp-json\/wp\/v2\/users\/2"}],"replies":[{"embeddable":true,"href":"https:\/\/www.europesays.com\/fr\/wp-json\/wp\/v2\/comments?post=504912"}],"version-history":[{"count":0,"href":"https:\/\/www.europesays.com\/fr\/wp-json\/wp\/v2\/posts\/504912\/revisions"}],"wp:featuredmedia":[{"embeddable":true,"href":"https:\/\/www.europesays.com\/fr\/wp-json\/wp\/v2\/media\/504913"}],"wp:attachment":[{"href":"https:\/\/www.europesays.com\/fr\/wp-json\/wp\/v2\/media?parent=504912"}],"wp:term":[{"taxonomy":"category","embeddable":true,"href":"https:\/\/www.europesays.com\/fr\/wp-json\/wp\/v2\/categories?post=504912"},{"taxonomy":"post_tag","embeddable":true,"href":"https:\/\/www.europesays.com\/fr\/wp-json\/wp\/v2\/tags?post=504912"}],"curies":[{"name":"wp","href":"https:\/\/api.w.org\/{rel}","templated":true}]}}