{"id":504922,"date":"2025-11-01T16:38:24","date_gmt":"2025-11-01T16:38:24","guid":{"rendered":"https:\/\/www.europesays.com\/fr\/504922\/"},"modified":"2025-11-01T16:38:24","modified_gmt":"2025-11-01T16:38:24","slug":"red-star-saint-etienne-sur-quelle-chaine-voir-le-match","status":"publish","type":"post","link":"https:\/\/www.europesays.com\/fr\/504922\/","title":{"rendered":"Red Star-Saint-\u00c9tienne, sur quelle cha\u00eene voir le match ?"},"content":{"rendered":"<p><strong>Le Red Star affronte l&rsquo;AS<br \/>\nSaint-\u00c9tienne ce samedi soir dans le cadre de la 13e journ\u00e9e de<br \/>\nLigue 2. Un match \u00e0 suivre en direct \u00e0 20h.<\/strong><\/p>\n<p>La deuxi\u00e8me place de <a href=\"https:\/\/www.football.fr\/ligue-2\" target=\"_blank\" rel=\"noopener\">Ligue 2<\/a> se joue ce soir entre<br \/>\nle Red Star (23 pts), troisi\u00e8me ex-aequo avec Saint-\u00c9tienne,<br \/>\ndeuxi\u00e8me \u00e0 la diff\u00e9rence de buts. Pas de premi\u00e8re place possible,<br \/>\n\u00e9tant donn\u00e9 que Troyes a quatre points d\u2019avance sur ses<br \/>\nconcurrents, mais une occasion en or de mettre la pression dans<br \/>\ncette course \u00e0 la Ligue 1.<\/p>\n<p>Pour se faire, les St\u00e9phanois devront se passer d\u2019Igor<br \/>\nMiladinovic, suspendu trois matches, Augustine Boakye, Chico Lamba<br \/>\net Lassana Traor\u00e9, indisponibles, mais pourront s\u2019inspirer du<br \/>\ndernier succ\u00e8s \u00e9tincelant face au quatri\u00e8me, Pau (6-0). En face,<br \/>\nles Audoniens sortent d\u2019une lourde d\u00e9faite \u00e0 Dunkerque (3-0) qui a<br \/>\nmis fin \u00e0 une s\u00e9rie de quatre rencontres invaincus.<\/p>\n<blockquote class=\"twitter-tweet\"><p><a class=\"twitter-link\" rel=\"noindex, nofollow noopener\" href=\"https:\/\/twitter.com\/Supporters_ASSE\/status\/1984175893166838101\" target=\"_blank\"><\/p><\/blockquote>\n<p>Red Star-Saint-\u00c9tienne, comment suivre le match en direct et en<br \/>\nstreaming ?<\/p>\n<p>Le coup d\u2019envoi du match entre le Red Star et l\u2019AS Saint-\u00c9tienne<br \/>\nsera donn\u00e9 ce samedi 1er novembre \u00e0 20 heures au Stade Bauer (10<br \/>\n000 places) de Saint-Ouen-sur-Seine. Pour suivre la rencontre,<br \/>\nrendez-vous sur beIN Sports 1, une cha\u00eene accessible en streaming<br \/>\nvia beIN Connect et myCanal pour les abonn\u00e9s.<\/p>\n<p>\u00a0<\/p>\n<p><script async src=\"https:\/\/platform.twitter.com\/widgets.js\" charset=\"utf-8\"><\/script><\/p>\n","protected":false},"excerpt":{"rendered":"Le Red Star affronte l&rsquo;AS Saint-\u00c9tienne ce samedi soir dans le cadre de la 13e journ\u00e9e de Ligue&hellip;\n","protected":false},"author":2,"featured_media":504923,"comment_status":"","ping_status":"","sticky":false,"template":"","format":"standard","meta":{"footnotes":""},"categories":[9653],"tags":[1111,11,2430,2113,1777,674,1011,27,12,25,4001],"class_list":{"0":"post-504922","1":"post","2":"type-post","3":"status-publish","4":"format-standard","5":"has-post-thumbnail","7":"category-saint-etienne","8":"tag-actu","9":"tag-actualites","10":"tag-auvergne-rhone-alpes","11":"tag-breve","12":"tag-eu","13":"tag-europe","14":"tag-fr","15":"tag-france","16":"tag-news","17":"tag-republique-francaise","18":"tag-saint-etienne"},"share_on_mastodon":{"url":"https:\/\/pubeurope.com\/@fr\/115475428427628986","error":""},"_links":{"self":[{"href":"https:\/\/www.europesays.com\/fr\/wp-json\/wp\/v2\/posts\/504922","targetHints":{"allow":["GET"]}}],"collection":[{"href":"https:\/\/www.europesays.com\/fr\/wp-json\/wp\/v2\/posts"}],"about":[{"href":"https:\/\/www.europesays.com\/fr\/wp-json\/wp\/v2\/types\/post"}],"author":[{"embeddable":true,"href":"https:\/\/www.europesays.com\/fr\/wp-json\/wp\/v2\/users\/2"}],"replies":[{"embeddable":true,"href":"https:\/\/www.europesays.com\/fr\/wp-json\/wp\/v2\/comments?post=504922"}],"version-history":[{"count":0,"href":"https:\/\/www.europesays.com\/fr\/wp-json\/wp\/v2\/posts\/504922\/revisions"}],"wp:featuredmedia":[{"embeddable":true,"href":"https:\/\/www.europesays.com\/fr\/wp-json\/wp\/v2\/media\/504923"}],"wp:attachment":[{"href":"https:\/\/www.europesays.com\/fr\/wp-json\/wp\/v2\/media?parent=504922"}],"wp:term":[{"taxonomy":"category","embeddable":true,"href":"https:\/\/www.europesays.com\/fr\/wp-json\/wp\/v2\/categories?post=504922"},{"taxonomy":"post_tag","embeddable":true,"href":"https:\/\/www.europesays.com\/fr\/wp-json\/wp\/v2\/tags?post=504922"}],"curies":[{"name":"wp","href":"https:\/\/api.w.org\/{rel}","templated":true}]}}