{"id":504936,"date":"2025-11-01T16:45:26","date_gmt":"2025-11-01T16:45:26","guid":{"rendered":"https:\/\/www.europesays.com\/fr\/504936\/"},"modified":"2025-11-01T16:45:26","modified_gmt":"2025-11-01T16:45:26","slug":"lenquete-se-poursuit-lincendie-au-moulin-rose-en-normandie-est-criminel-annonce","status":"publish","type":"post","link":"https:\/\/www.europesays.com\/fr\/504936\/","title":{"rendered":"\u00ab\u00a0L\u2019enqu\u00eate se poursuit\u00a0\u00bb\u00a0: l\u2019incendie au Moulin Rose en Normandie est criminel, annonce"},"content":{"rendered":"<p><a href=\"https:\/\/caen.maville.com\/actu\/actudet_-la-discotheque-le-moulin-rose-pres-de-rouen-en-normandie-totalement-embrasee-par-un-incendie-_54135-6977793_actu.Htm\" target=\"_self\" rel=\"nofollow noopener\">Le Moulin Rose, \u00e0 Belbeuf, pr\u00e8s de Rouen (Seine-Maritime) s\u2019\u00e9tait retrouv\u00e9 <\/a> <strong> <a href=\"https:\/\/caen.maville.com\/actu\/actudet_-la-discotheque-le-moulin-rose-pres-de-rouen-en-normandie-totalement-embrasee-par-un-incendie-_54135-6977793_actu.Htm\" target=\"_self\" rel=\"nofollow noopener\">\u00ab\u00a0totalement embras\u00e9\u00a0\u00bb<\/a> <\/strong>, dans la nuit du 15 au 16\u00a0septembre 2025. Un important incendie avait touch\u00e9 cette discoth\u00e8que. Pr\u00e8s de soixante pompiers avaient \u00e9t\u00e9 mobilis\u00e9s sur l\u2019op\u00e9ration.<\/p>\n<p>Ce jeudi 30\u00a0octobre, le procureur de Rouen annonce que <strong>\u00ab\u00a0les investigations montrent que l\u2019incendie est de nature criminelle\u00a0\u00bb<\/strong>, confirmant <a href=\"https:\/\/www.francebleu.fr\/infos\/faits-divers-justice\/incendie-du-moulin-rose-de-belbeuf-la-piste-criminelle-averee-5029465\" target=\"_blank\" rel=\"nofollow noopener\">une information d\u2019<\/a>  <a href=\"https:\/\/www.francebleu.fr\/infos\/faits-divers-justice\/incendie-du-moulin-rose-de-belbeuf-la-piste-criminelle-averee-5029465\" target=\"_blank\" rel=\"nofollow noopener\">Ici Normandie<\/a> . Il pr\u00e9cise que <strong>\u00ab\u00a0l\u2019enqu\u00eate se poursuit pour confondre les auteurs\u00a0\u00bb.<\/strong><\/p>\n<p>Une inspiration pour les artistes<\/p>\n<p>Pour rappel, le c\u00e9l\u00e8bre jazzman Louis Armstrong y avait notamment jou\u00e9. Le r\u00e9alisateur Jacques Becker s\u2019\u00e9tait aussi inspir\u00e9 de l\u2019ambiance des lieux et des jardins du Moulin Rose, qui<a href=\"https:\/\/www.ouest-france.fr\/normandie\/simone-signoret-1921-1985-1558256\" target=\"_self\" rel=\"nofollow noopener\"> serviront de d\u00e9cor pour le film Casque d\u2019or avec Simone Signoret en 1952<\/a>.<\/p>\n<p>\u00a0<\/p>\n","protected":false},"excerpt":{"rendered":"Le Moulin Rose, \u00e0 Belbeuf, pr\u00e8s de Rouen (Seine-Maritime) s\u2019\u00e9tait retrouv\u00e9 \u00ab\u00a0totalement embras\u00e9\u00a0\u00bb , dans la nuit du&hellip;\n","protected":false},"author":2,"featured_media":504937,"comment_status":"","ping_status":"","sticky":false,"template":"","format":"standard","meta":{"footnotes":""},"categories":[9587],"tags":[1111,11,14015,2562,33526,1067,1777,674,1011,27,1310,26918,12,5161,15860,2406,25,4940,9590],"class_list":{"0":"post-504936","1":"post","2":"type-post","3":"status-publish","4":"format-standard","5":"has-post-thumbnail","7":"category-rouen","8":"tag-actu","9":"tag-actualites","10":"tag-alencon","11":"tag-annonce","12":"tag-criminel","13":"tag-enquete","14":"tag-eu","15":"tag-europe","16":"tag-fr","17":"tag-france","18":"tag-incendie","19":"tag-moulin","20":"tag-news","21":"tag-normandie","22":"tag-parquet","23":"tag-poursuit","24":"tag-republique-francaise","25":"tag-rose","26":"tag-rouen"},"share_on_mastodon":{"url":"https:\/\/pubeurope.com\/@fr\/115475456019403237","error":""},"_links":{"self":[{"href":"https:\/\/www.europesays.com\/fr\/wp-json\/wp\/v2\/posts\/504936","targetHints":{"allow":["GET"]}}],"collection":[{"href":"https:\/\/www.europesays.com\/fr\/wp-json\/wp\/v2\/posts"}],"about":[{"href":"https:\/\/www.europesays.com\/fr\/wp-json\/wp\/v2\/types\/post"}],"author":[{"embeddable":true,"href":"https:\/\/www.europesays.com\/fr\/wp-json\/wp\/v2\/users\/2"}],"replies":[{"embeddable":true,"href":"https:\/\/www.europesays.com\/fr\/wp-json\/wp\/v2\/comments?post=504936"}],"version-history":[{"count":0,"href":"https:\/\/www.europesays.com\/fr\/wp-json\/wp\/v2\/posts\/504936\/revisions"}],"wp:featuredmedia":[{"embeddable":true,"href":"https:\/\/www.europesays.com\/fr\/wp-json\/wp\/v2\/media\/504937"}],"wp:attachment":[{"href":"https:\/\/www.europesays.com\/fr\/wp-json\/wp\/v2\/media?parent=504936"}],"wp:term":[{"taxonomy":"category","embeddable":true,"href":"https:\/\/www.europesays.com\/fr\/wp-json\/wp\/v2\/categories?post=504936"},{"taxonomy":"post_tag","embeddable":true,"href":"https:\/\/www.europesays.com\/fr\/wp-json\/wp\/v2\/tags?post=504936"}],"curies":[{"name":"wp","href":"https:\/\/api.w.org\/{rel}","templated":true}]}}