{"id":504939,"date":"2025-11-01T16:47:14","date_gmt":"2025-11-01T16:47:14","guid":{"rendered":"https:\/\/www.europesays.com\/fr\/504939\/"},"modified":"2025-11-01T16:47:14","modified_gmt":"2025-11-01T16:47:14","slug":"une-croix-gammee-sur-les-affiches-dallan-brunon-le-candidat-lfi-porte-plainte","status":"publish","type":"post","link":"https:\/\/www.europesays.com\/fr\/504939\/","title":{"rendered":"une croix gamm\u00e9e sur les affiches d&rsquo;Allan Brunon, le candidat LFI porte plainte"},"content":{"rendered":"<p>\t\t\t\t\t\t\t\t\t\t\t<img loading=\"lazy\" decoding=\"async\" width=\"1280\" title=\"Grenoble : une croix gamm\u00e9e sur les affiches d'Allan Brunon, le candidat LFI porte plainte\" class=\"img-fluid  mb-3\" src=\"https:\/\/grandgrenoble.alpes1.com\/media\/news\/grenoble-une-croix-gammee-sur-les-affiches-d-allan-brunon-le-candidat-lfi-porte-plainte_69062bb098a02.webp\" alt=\"Grenoble : une croix gamm\u00e9e sur les affiches d'Allan Brunon, le candidat LFI porte plainte\" itemprop=\"image\" height=\"720\"\/>\t\t\t\t\t\t\t\t\t\t\t\t<\/p>\n<p>Grenoble : une croix gamm\u00e9e sur les affiches d&rsquo;Allan Brunon, le candidat LFI porte plainte &#8211; DR<\/p>\n<p itemprop=\"description\"><strong>\u00ab\u00a0Rien d&rsquo;eux ne m&rsquo;impressionne\u00a0\u00bb.<\/strong><\/p>\n<p>Candidat LFI aux \u00e9lections municipales \u00e0 Grenoble, Allan Brunon a eu la d\u00e9sagr\u00e9able surprise de d\u00e9couvrir ses affiches vandalis\u00e9es.<\/p>\n<p>Ces derni\u00e8res n&rsquo;ont pas seulement \u00e9t\u00e9 d\u00e9chir\u00e9es, le visage de l&rsquo;insoumis a \u00e9t\u00e9 barr\u00e9 de noir et une croix gamm\u00e9e a \u00e9t\u00e9 dessin\u00e9e sur le symbole du parti m\u00e9lenchoniste.<\/p>\n<p>Allan Brunon a r\u00e9agi en pointant du doigt l&rsquo;extr\u00eame-droite et a annonc\u00e9 porter plainte aupr\u00e8s du procureur de la R\u00e9publique.<\/p>\n<p>\u00ab\u00a0Les autorit\u00e9s doivent r\u00e9agir, alors que se multiplient en Is\u00e8re les actes de vandalisme \u00e0 caract\u00e8re raciste\u00a0\u00bb, conclut-il.<\/p>\n<p>D\u00e9but de campagne mouvement\u00e9 pour le jeune insoumis, qui a fait face \u00e0 des critiques en interne suite \u00e0 son investiture. Cr\u00e9dit\u00e9 de 12% d&rsquo;intentions de vote dans le dernier sondage Cluster17 publi\u00e9 d\u00e9but octobre, Allan Brunon a \u00e9galement \u00e9t\u00e9 l&rsquo;auteur d&rsquo;un d\u00e9bat t\u00e9l\u00e9vis\u00e9 muscl\u00e9 avec l&rsquo;ancien maire de Grenoble Alain Carignon.<\/p>\n<blockquote class=\"twitter-tweet\"><p>&#13;<\/p>\n<p dir=\"ltr\" lang=\"fr\">\u00c0 Grenoble, l\u2019extr\u00eame droite d\u00e9grade mes affiches en y tra\u00e7ant une croix nazie. Rien d\u2019eux ne m\u2019impressionne.<\/p>\n<p>Une plainte sera d\u00e9pos\u00e9e aupr\u00e8s du procureur de Grenoble. <\/p>\n<p>Les autorit\u00e9s doivent r\u00e9agir, alors que se multiplient en Is\u00e8re les actes de vandalisme \u00e0 caract\u00e8re raciste. <a href=\"https:\/\/t.co\/j7CPGNi0Fl\" rel=\"nofollow\">pic.twitter.com\/j7CPGNi0Fl<\/a><\/p>\n<p>&#13;<br \/>\n\u2014 Allan Brunon (@allanbrunon) <a href=\"https:\/\/twitter.com\/allanbrunon\/status\/1984641688875491820?ref_src=twsrc%5Etfw\" rel=\"nofollow noopener\" target=\"_blank\">November 1, 2025<\/a><\/p><\/blockquote>\n<p>\t\t\t\t\t\t\t\t\t\t\t\t\t\t\t\t\t\t\t<script async src=\"https:\/\/platform.twitter.com\/widgets.js\" charset=\"utf-8\"><\/script><\/p>\n","protected":false},"excerpt":{"rendered":"Grenoble : une croix gamm\u00e9e sur les affiches d&rsquo;Allan Brunon, le candidat LFI porte plainte &#8211; DR \u00ab\u00a0Rien&hellip;\n","protected":false},"author":2,"featured_media":504940,"comment_status":"","ping_status":"","sticky":false,"template":"","format":"standard","meta":{"footnotes":""},"categories":[9566],"tags":[1111,11,7733,8279,2430,7736,650,7734,2889,2263,1777,674,1011,27,2731,8280,6417,1114,108,4662,12,3725,1825,25,7737],"class_list":{"0":"post-504939","1":"post","2":"type-post","3":"status-publish","4":"format-standard","5":"has-post-thumbnail","7":"category-grenoble","8":"tag-actu","9":"tag-actualites","10":"tag-alpes","11":"tag-alpes1","12":"tag-auvergne-rhone-alpes","13":"tag-cds","14":"tag-cinema","15":"tag-ecoute","16":"tag-emission","17":"tag-equipe","18":"tag-eu","19":"tag-europe","20":"tag-fr","21":"tag-france","22":"tag-grenoble","23":"tag-haute","24":"tag-information","25":"tag-infos","26":"tag-isere","27":"tag-journal","28":"tag-news","29":"tag-podcast","30":"tag-radio","31":"tag-republique-francaise","32":"tag-winamp"},"share_on_mastodon":{"url":"https:\/\/pubeurope.com\/@fr\/115475464018460278","error":""},"_links":{"self":[{"href":"https:\/\/www.europesays.com\/fr\/wp-json\/wp\/v2\/posts\/504939","targetHints":{"allow":["GET"]}}],"collection":[{"href":"https:\/\/www.europesays.com\/fr\/wp-json\/wp\/v2\/posts"}],"about":[{"href":"https:\/\/www.europesays.com\/fr\/wp-json\/wp\/v2\/types\/post"}],"author":[{"embeddable":true,"href":"https:\/\/www.europesays.com\/fr\/wp-json\/wp\/v2\/users\/2"}],"replies":[{"embeddable":true,"href":"https:\/\/www.europesays.com\/fr\/wp-json\/wp\/v2\/comments?post=504939"}],"version-history":[{"count":0,"href":"https:\/\/www.europesays.com\/fr\/wp-json\/wp\/v2\/posts\/504939\/revisions"}],"wp:featuredmedia":[{"embeddable":true,"href":"https:\/\/www.europesays.com\/fr\/wp-json\/wp\/v2\/media\/504940"}],"wp:attachment":[{"href":"https:\/\/www.europesays.com\/fr\/wp-json\/wp\/v2\/media?parent=504939"}],"wp:term":[{"taxonomy":"category","embeddable":true,"href":"https:\/\/www.europesays.com\/fr\/wp-json\/wp\/v2\/categories?post=504939"},{"taxonomy":"post_tag","embeddable":true,"href":"https:\/\/www.europesays.com\/fr\/wp-json\/wp\/v2\/tags?post=504939"}],"curies":[{"name":"wp","href":"https:\/\/api.w.org\/{rel}","templated":true}]}}