{"id":50494,"date":"2025-04-25T00:42:11","date_gmt":"2025-04-25T00:42:11","guid":{"rendered":"https:\/\/www.europesays.com\/fr\/50494\/"},"modified":"2025-04-25T00:42:11","modified_gmt":"2025-04-25T00:42:11","slug":"mobilier-a-petits-prix-la-materiautheque-ephemere-fete-ses-six-mois-a-saint-etienne","status":"publish","type":"post","link":"https:\/\/www.europesays.com\/fr\/50494\/","title":{"rendered":"Mobilier \u00e0 petits prix : la mat\u00e9riauth\u00e8que \u00e9ph\u00e9m\u00e8re f\u00eate ses six mois \u00e0 Saint-\u00c9tienne !"},"content":{"rendered":"<p>La mat\u00e9riauth\u00e8que \u00e9ph\u00e9m\u00e8re de Saint-\u00c9tienne G&rsquo;MAT f\u00eate ses six mois d&rsquo;ouverture ! Depuis fin 2024 et jusqu&rsquo;\u00e0 octobre 2025, elle met en vente le mobilier et les mat\u00e9riaux des anciens b\u00e2timents de la rue des Rochettes, le tout \u00e0 des prix r\u00e9duits.<\/p>\n<p>Il ne reste plus que<b> 6 mois<\/b> pour profiter de mat\u00e9riaux d&rsquo;occasion \u00e0 prix r\u00e9duits !<\/p>\n<p>Dans les anciens locaux de Darty et de G\u00e9mo, <a class=\"url\" href=\"https:\/\/www.epase.fr\/gmat-ouverture-dun-magasin-ephemere-de-vente-de-materiaux-de-construction-doccasion-a-saint-etienne\/\" target=\"_blank\" rel=\"noopener\">la mat\u00e9riauth\u00e8que de Saint-Etienne<\/a> met en vente tout type de produits : tuiles, poutres, portes, \u00e9clairages\u2026<\/p>\n<p><b>Ils proviennent des habitations et anciens commerces<\/b> de la rue des Rochettes. Les b\u00e2timents ont tous \u00e9t\u00e9 d\u00e9molis au printemps, \u00e0 l&rsquo;exception des locaux de la mat\u00e9riauth\u00e8que. <\/p>\n<p>Des mat\u00e9riaux et mobiliers de seconde main<\/p>\n<p>Le projet a \u00e9t\u00e9 lanc\u00e9 par <b>l&rsquo;\u00c9tablissement Public d&rsquo;Am\u00e9nagement de Saint-\u00c9tienne (Epase)<\/b> et r\u00e9alis\u00e9 par l&rsquo;association is\u00e9roise<b> Aplomb-Ecomat<\/b>. <\/p>\n<p>Le but : \u00ab\u00a0Vendre pour recycler les mat\u00e9riaux qui sont destin\u00e9s \u00e0 la d\u00e9chetterie \u00e0 la base\u00a0\u00bb, comme explique V\u00e9ronique Nierhauve, responsable magasini\u00e8re vendeuse de la mat\u00e9riauth\u00e8que.<\/p>\n<p>Vendre \u00e0 prix cass\u00e9s<\/p>\n<p>Un syst\u00e8me gagnant pour l&rsquo;Epase mais aussi pour les clients, car tout est <b>\u00e0 prix cass\u00e9<\/b>. <\/p>\n<p>Micka\u00ebl est en train de r\u00e9nover sa maison. Il a vu depuis la route un banc en bois. Il repartira finalement les mains vides, apr\u00e8s avoir mis de c\u00f4t\u00e9 plusieurs poutres.<br \/>\u00a0 <\/p>\n<p>Les mat\u00e9riaux de seconde main sont plus int\u00e9ressants pour lui au niveau \u00ab\u00a0\u00e9cologique et \u00e9conomique\u00a0\u00bb.<\/p>\n<tr>\n<td class=\"defaut\"><a href=\"https:\/\/www.radioscoop.com\/infos\/javascript:void(0)\" onclick=\"parent.RS.diaporama.addMedia(688846) ;\" target=\"_blank\" rel=\"noopener\"><img loading=\"lazy\" decoding=\"async\" src=\"https:\/\/www.europesays.com\/fr\/wp-content\/uploads\/2025\/04\/1745541730_61_img\" width=\"640\" height=\"319\" border=\"0\" title=\"Un catalogue en ligne est disponible sur le site internet de l'Epase.\"\/><\/a><\/td>\n<\/tr>\n<tr\/>En cas de besoin, la mat\u00e9riauth\u00e8que peut aussi prendre des commandes. Sinon, un <a class=\"url\" href=\"https:\/\/www.canva.com\/design\/DAGUM6RRTMw\/CUXUTxdnrf73r4uWc8ak3w\/view?utm_content=DAGUM6RRTMw&amp;utm_campaign=designshare&amp;utm_medium=link&amp;utm_source=editor\" target=\"_blank\" rel=\"noopener\">catalogue<\/a>est disponible en ligne.\u00a0<\/p>\n<p>En revanche,<b> elle ne livre pas \u00e0 domicile<\/b> : tout est \u00e0 r\u00e9cup\u00e9rer dans les locaux ouverts <b>le vendredi de 13h \u00e0 17h et le samedi de 9h \u00e0 13h.<\/b><\/p>\n<p>Les locaux ras\u00e9s en octobre<\/p>\n<p><b>La mat\u00e9riauth\u00e8que fermera en octobre 2025<\/b>, date de d\u00e9molition des anciens locaux de Darty et de G\u00e9mo. La rue des Rochettes deviendra <b>une zone industrielle et artisanale<\/b>.<\/p>\n<p>Un projet d&rsquo;une mat\u00e9riauth\u00e8que fixe est en r\u00e9flexion.<\/p>\n<p><img loading=\"lazy\" decoding=\"async\" src=\"https:\/\/www.europesays.com\/fr\/wp-content\/uploads\/2025\/04\/1745541731_690_img\" width=\"350\" height=\"200\" border=\"0\" title=\"Une vente de colis myst\u00c3\u00a8res au sein de la Galerie Monthieu, \u00c3\u00a0 Saint-\u00c3\u0089tienne\"\/><\/p>\n<p>\u25baConso<\/p>\n<p style=\"font-size: 22px;\"><b>Saint-\u00c9tienne : une nouvelle vente de colis myst\u00e8res \u00e0 Monthieu<\/b><\/p>\n<p>La Galerie Monthieu accueille une vente de colis&#8230;<\/p>\n<p><\/p>\n","protected":false},"excerpt":{"rendered":"La mat\u00e9riauth\u00e8que \u00e9ph\u00e9m\u00e8re de Saint-\u00c9tienne G&rsquo;MAT f\u00eate ses six mois d&rsquo;ouverture ! Depuis fin 2024 et jusqu&rsquo;\u00e0 octobre&hellip;\n","protected":false},"author":2,"featured_media":50495,"comment_status":"","ping_status":"","sticky":false,"template":"","format":"standard","meta":{"footnotes":""},"categories":[9653],"tags":[1111,11,2430,14317,1777,674,1011,27,14316,12,25,4001,7167],"class_list":{"0":"post-50494","1":"post","2":"type-post","3":"status-publish","4":"format-standard","5":"has-post-thumbnail","7":"category-saint-etienne","8":"tag-actu","9":"tag-actualites","10":"tag-auvergne-rhone-alpes","11":"tag-epase","12":"tag-eu","13":"tag-europe","14":"tag-fr","15":"tag-france","16":"tag-matriauthque","17":"tag-news","18":"tag-republique-francaise","19":"tag-saint-etienne","20":"tag-seconde-main"},"share_on_mastodon":{"url":"https:\/\/pubeurope.com\/@fr\/114395830387282910","error":""},"_links":{"self":[{"href":"https:\/\/www.europesays.com\/fr\/wp-json\/wp\/v2\/posts\/50494","targetHints":{"allow":["GET"]}}],"collection":[{"href":"https:\/\/www.europesays.com\/fr\/wp-json\/wp\/v2\/posts"}],"about":[{"href":"https:\/\/www.europesays.com\/fr\/wp-json\/wp\/v2\/types\/post"}],"author":[{"embeddable":true,"href":"https:\/\/www.europesays.com\/fr\/wp-json\/wp\/v2\/users\/2"}],"replies":[{"embeddable":true,"href":"https:\/\/www.europesays.com\/fr\/wp-json\/wp\/v2\/comments?post=50494"}],"version-history":[{"count":0,"href":"https:\/\/www.europesays.com\/fr\/wp-json\/wp\/v2\/posts\/50494\/revisions"}],"wp:featuredmedia":[{"embeddable":true,"href":"https:\/\/www.europesays.com\/fr\/wp-json\/wp\/v2\/media\/50495"}],"wp:attachment":[{"href":"https:\/\/www.europesays.com\/fr\/wp-json\/wp\/v2\/media?parent=50494"}],"wp:term":[{"taxonomy":"category","embeddable":true,"href":"https:\/\/www.europesays.com\/fr\/wp-json\/wp\/v2\/categories?post=50494"},{"taxonomy":"post_tag","embeddable":true,"href":"https:\/\/www.europesays.com\/fr\/wp-json\/wp\/v2\/tags?post=50494"}],"curies":[{"name":"wp","href":"https:\/\/api.w.org\/{rel}","templated":true}]}}