{"id":504941,"date":"2025-11-01T16:48:17","date_gmt":"2025-11-01T16:48:17","guid":{"rendered":"https:\/\/www.europesays.com\/fr\/504941\/"},"modified":"2025-11-01T16:48:17","modified_gmt":"2025-11-01T16:48:17","slug":"conference-sur-le-droit-dacces-a-la-nature-7-novembre-2025-grenoble","status":"publish","type":"post","link":"https:\/\/www.europesays.com\/fr\/504941\/","title":{"rendered":"Conf\u00e9rence sur le droit d\u2019acc\u00e8s \u00e0 la nature \u2013 7 novembre 2025 &#8211; Grenoble"},"content":{"rendered":"<p>Menace sur le droit d&rsquo;acc\u00e8s \u00e0 la nature : comment continuer \u00e0 arpenter la montagne en 2025 ? <\/p>\n<p>\u00c0 travers cette conf\u00e9rence de 30 minutes suivie d&rsquo;un temps d&rsquo;\u00e9change avec le public, l&rsquo;association Mountain Wilderness vous pr\u00e9sentera les limitations du droit d&rsquo;acc\u00e8s \u00e0 la nature qui existent en France aujourd&rsquo;hui, une br\u00e8ve analyse critique des arguments en faveur de la p\u00e9nalisation des promeneurs, et quelques pistes d&rsquo;actions pour y faire face. <\/p>\n<p>Cette pr\u00e9sentation s&rsquo;inscrit dans un contexte de <strong>durcissement de la l\u00e9gislation au d\u00e9triment des promeneurs<\/strong>, qui s&rsquo;est illustr\u00e9 r\u00e9cemment par la fermeture au public d&rsquo;un certain nombre <a href=\"https:\/\/www.ffrandonnee.fr\/s-informer\/actualites\/hauts-de-chartreuse-4-federations-sportives-se-preoccupent-de-l-acces-aux-itineraires-de-randonnee\" target=\"_blank\" rel=\"noopener nofollow\">d&rsquo;espaces naturels en Chartreuse<\/a>.\u00a0<\/p>\n<p>7 novembre 2025 \u2013 12h \u2013 13h30 \u2013 Maison de la montagne &#8211; Grenoble\u00a0<\/p>\n<p><a href=\"https:\/\/www.grenoble.fr\/agenda\/5197\/1083-conference-sur-le-droit-d-acces-a-la-nature.htm\" target=\"_blank\" rel=\"noopener nofollow\">En savoir plus et s\u2019inscrire<\/a>.\u00a0<\/p>\n<p>\u00a9 Pascal Gu\u00e9rin<\/p>\n","protected":false},"excerpt":{"rendered":"Menace sur le droit d&rsquo;acc\u00e8s \u00e0 la nature : comment continuer \u00e0 arpenter la montagne en 2025 ?&hellip;\n","protected":false},"author":2,"featured_media":504942,"comment_status":"","ping_status":"","sticky":false,"template":"","format":"standard","meta":{"footnotes":""},"categories":[9566],"tags":[1111,11,28225,2430,28226,28217,28218,1777,674,28216,28227,28228,1011,27,28211,28212,2731,28215,28224,28219,28222,12,28213,28221,28220,25,28214,28223],"class_list":{"0":"post-504941","1":"post","2":"type-post","3":"status-publish","4":"format-standard","5":"has-post-thumbnail","7":"category-grenoble","8":"tag-actu","9":"tag-actualites","10":"tag-animateur-de-randonnee","11":"tag-auvergne-rhone-alpes","12":"tag-balisage","13":"tag-clubs-de-randonnee","14":"tag-disciplines-de-randonnee","15":"tag-eu","16":"tag-europe","17":"tag-federation-francaise-de-la-randonnee-pedestre","18":"tag-ffrandonnee","19":"tag-ffrp","20":"tag-fr","21":"tag-france","22":"tag-gr","23":"tag-grande-randonnee","24":"tag-grenoble","25":"tag-itineraires-de-randonnee","26":"tag-itinerance","27":"tag-longe-cote","28":"tag-marche-nordique","29":"tag-news","30":"tag-promenade-et-randonnee","31":"tag-rando-challenge","32":"tag-raquette-a-neige","33":"tag-republique-francaise","34":"tag-topoguide","35":"tag-trek"},"share_on_mastodon":{"url":"https:\/\/pubeurope.com\/@fr\/115475468132825932","error":""},"_links":{"self":[{"href":"https:\/\/www.europesays.com\/fr\/wp-json\/wp\/v2\/posts\/504941","targetHints":{"allow":["GET"]}}],"collection":[{"href":"https:\/\/www.europesays.com\/fr\/wp-json\/wp\/v2\/posts"}],"about":[{"href":"https:\/\/www.europesays.com\/fr\/wp-json\/wp\/v2\/types\/post"}],"author":[{"embeddable":true,"href":"https:\/\/www.europesays.com\/fr\/wp-json\/wp\/v2\/users\/2"}],"replies":[{"embeddable":true,"href":"https:\/\/www.europesays.com\/fr\/wp-json\/wp\/v2\/comments?post=504941"}],"version-history":[{"count":0,"href":"https:\/\/www.europesays.com\/fr\/wp-json\/wp\/v2\/posts\/504941\/revisions"}],"wp:featuredmedia":[{"embeddable":true,"href":"https:\/\/www.europesays.com\/fr\/wp-json\/wp\/v2\/media\/504942"}],"wp:attachment":[{"href":"https:\/\/www.europesays.com\/fr\/wp-json\/wp\/v2\/media?parent=504941"}],"wp:term":[{"taxonomy":"category","embeddable":true,"href":"https:\/\/www.europesays.com\/fr\/wp-json\/wp\/v2\/categories?post=504941"},{"taxonomy":"post_tag","embeddable":true,"href":"https:\/\/www.europesays.com\/fr\/wp-json\/wp\/v2\/tags?post=504941"}],"curies":[{"name":"wp","href":"https:\/\/api.w.org\/{rel}","templated":true}]}}