{"id":504954,"date":"2025-11-01T16:55:25","date_gmt":"2025-11-01T16:55:25","guid":{"rendered":"https:\/\/www.europesays.com\/fr\/504954\/"},"modified":"2025-11-01T16:55:25","modified_gmt":"2025-11-01T16:55:25","slug":"chez-moi-il-fait-16-degres-et-ca-restera-comme-ca-ils-narrivent-plus-a-payer","status":"publish","type":"post","link":"https:\/\/www.europesays.com\/fr\/504954\/","title":{"rendered":"\u00ab\u00a0Chez moi, il fait 16\u00a0degr\u00e9s et \u00e7a restera comme \u00e7a\u00a0\u00bb\u00a0: ils n\u2019arrivent plus \u00e0 payer"},"content":{"rendered":"<tr wp_automatic_readability=\"3.9172413793103\">\n<td valign=\"middle\" align=\"center\" class=\"col-logo\">\n    <img decoding=\"async\" src=\"https:\/\/www.europesays.com\/fr\/wp-content\/uploads\/2025\/04\/presse-ocean.gif\" alt=\"logo Presse-Oc\u00e9an\" height=\"66\"\/><\/p>\n<\/td>\n<td class=\"col-titre\">\n\t\t\tSamedi 01 novembre 2025 09:35<br \/>\n\t\t\t<a class=\"icon-bulle sizeL count\" href=\"#ancreAvis\"><br \/>\n\t&#8230;<br \/>\n<\/a><\/td>\n<\/tr>\n<p>\t\t<a class=\"mavillebox2 elmt-photo\" href=\"https:\/\/maville.com\/photosmvi\/2025\/11\/01\/P35556647D7045694G.jpg\" title=\" En France, selon le m\u00e9diateur national de l\u2019\u00e9nergie, plus d\u2019un tiers des Fran\u00e7ais ont du mal \u00e0 payer leurs factures d\u2019\u00e9lectricit\u00e9.  \u00a9  Photo Illustration Presse Oc\u00e9an-Nathalie Bourreau  \" rel=\"galerie_actu noopener\" target=\"_blank\"><br \/>\n\t<img decoding=\"async\" src=\"https:\/\/www.europesays.com\/fr\/wp-content\/uploads\/2025\/11\/P35556647D7045694G_crop_640-330_.jpg\" alt=\"photo  en france, selon le m\u00e9diateur national de l\u2019\u00e9nergie, plus d\u2019un tiers des fran\u00e7ais ont du mal \u00e0 payer leurs factures d\u2019\u00e9lectricit\u00e9.  \u00a9  photo illustration presse oc\u00e9an-nathalie bourreau \"\/><br \/>\n\t2<br \/>\n<\/a><\/p>\n<p class=\"elmt-legende\"> En France, selon le m\u00e9diateur national de l\u2019\u00e9nergie, plus d\u2019un tiers des Fran\u00e7ais ont du mal \u00e0 payer leurs factures d\u2019\u00e9lectricit\u00e9.  \u00a9  Photo Illustration Presse Oc\u00e9an-Nathalie Bourreau  <\/p>\n<p><a class=\"mavillebox2\" href=\"https:\/\/maville.com\/photosmvi\/2025\/11\/01\/P35556648D7045694G.jpg\" title=\"Dans la maison de St\u00e9phanie, le thermom\u00e8tre ne d\u00e9passe pas les 16\u00a0degr\u00e9s. \u00a9  Photo Illustration Presse Oc\u00e9an-Nathalie Bourreau \" rel=\"galerie_actu noopener\" target=\"_blank\"><\/p>\n<p>\t\tSelon le m\u00e9diateur national de l\u2019\u00e9nergie, plus d\u2019un Fran\u00e7ais sur trois peine \u00e0 payer ses factures d\u2019\u00e9lectricit\u00e9. Comment ce ph\u00e9nom\u00e8ne se traduit-il \u00e0 Nantes\u00a0? Privations, stress, d\u00e9tresse\u00a0: Presse Oc\u00e9an a recueilli les t\u00e9moignages de Nantais confront\u00e9s \u00e0 la flamb\u00e9e des prix.<\/p>\n<p><b>Cet article est r\u00e9serv\u00e9 aux abonn\u00e9s<\/b><\/p>\n<p>Pour un acc\u00e8s imm\u00e9diat, abonnez-vous<\/p>\n<p><b>1\u00e8re semaine offerte<\/b><\/p>\n<p>\t\t Romain Marzelli\u00e8re \u00a0\u00a0<br \/>\n\t\tPresse-Oc\u00e9an<\/p>\n<p>Retrouvez d&rsquo;autres actus sur la commune de :<\/p>\n<p>\t\t&#13;<\/p>\n","protected":false},"excerpt":{"rendered":"Samedi 01 novembre 2025 09:35 &#8230; 2 En France, selon le m\u00e9diateur national de l\u2019\u00e9nergie, plus d\u2019un tiers&hellip;\n","protected":false},"author":2,"featured_media":504955,"comment_status":"","ping_status":"","sticky":false,"template":"","format":"standard","meta":{"footnotes":""},"categories":[2818],"tags":[11707,1111,11,32390,62656,1777,674,62657,21,1011,27,766,12,23195,2636,25,8292],"class_list":{"0":"post-504954","1":"post","2":"type-post","3":"status-publish","4":"format-standard","5":"has-post-thumbnail","7":"category-nantes","8":"tag-11707","9":"tag-actu","10":"tag-actualites","11":"tag-arrivent","12":"tag-degres","13":"tag-eu","14":"tag-europe","15":"tag-factures","16":"tag-fait","17":"tag-fr","18":"tag-france","19":"tag-nantes","20":"tag-news","21":"tag-payer","22":"tag-pays-de-la-loire","23":"tag-republique-francaise","24":"tag-restera"},"share_on_mastodon":{"url":"https:\/\/pubeurope.com\/@fr\/115475495809347282","error":""},"_links":{"self":[{"href":"https:\/\/www.europesays.com\/fr\/wp-json\/wp\/v2\/posts\/504954","targetHints":{"allow":["GET"]}}],"collection":[{"href":"https:\/\/www.europesays.com\/fr\/wp-json\/wp\/v2\/posts"}],"about":[{"href":"https:\/\/www.europesays.com\/fr\/wp-json\/wp\/v2\/types\/post"}],"author":[{"embeddable":true,"href":"https:\/\/www.europesays.com\/fr\/wp-json\/wp\/v2\/users\/2"}],"replies":[{"embeddable":true,"href":"https:\/\/www.europesays.com\/fr\/wp-json\/wp\/v2\/comments?post=504954"}],"version-history":[{"count":0,"href":"https:\/\/www.europesays.com\/fr\/wp-json\/wp\/v2\/posts\/504954\/revisions"}],"wp:featuredmedia":[{"embeddable":true,"href":"https:\/\/www.europesays.com\/fr\/wp-json\/wp\/v2\/media\/504955"}],"wp:attachment":[{"href":"https:\/\/www.europesays.com\/fr\/wp-json\/wp\/v2\/media?parent=504954"}],"wp:term":[{"taxonomy":"category","embeddable":true,"href":"https:\/\/www.europesays.com\/fr\/wp-json\/wp\/v2\/categories?post=504954"},{"taxonomy":"post_tag","embeddable":true,"href":"https:\/\/www.europesays.com\/fr\/wp-json\/wp\/v2\/tags?post=504954"}],"curies":[{"name":"wp","href":"https:\/\/api.w.org\/{rel}","templated":true}]}}