{"id":504959,"date":"2025-11-01T16:59:18","date_gmt":"2025-11-01T16:59:18","guid":{"rendered":"https:\/\/www.europesays.com\/fr\/504959\/"},"modified":"2025-11-01T16:59:18","modified_gmt":"2025-11-01T16:59:18","slug":"chauray-bordeaux-en-direct-enjeux-compo-des-girondins-en-national-2-dans-bord-terrain","status":"publish","type":"post","link":"https:\/\/www.europesays.com\/fr\/504959\/","title":{"rendered":"Chauray-Bordeaux en direct : enjeux, compo des Girondins en National 2 dans Bord terrain"},"content":{"rendered":"<p>\n    01\/11 &#8211; 17:17 | Par Nicolas Pietrelli | Il y a<br \/>\n    42 minutes\n  <\/p>\n<p><strong>Nous faisons un point complet en duplex du Stade Ren\u00e9 Gailalrd de Niort avant le coup d&rsquo;envoi du match entre le FC Chauray et les Girondins de Bordeaux, 9e journ\u00e9e de National 2, poule A, avec Nicolas Pietrelli de WebGirondins, Laurent Crocis de L&rsquo;\u00c9quipe, et Fr\u00e9d\u00e9ric supporter. Compos, enjeux et contexte sont pass\u00e9s au crible pendant 30 minutes.<\/strong><\/p>\n<p><img decoding=\"async\" src=\"https:\/\/www.europesays.com\/fr\/wp-content\/uploads\/2025\/09\/671_ab41f4810c838b47f716cd74a863c53b.jpg\" alt=\"Chauray-Bordeaux en direct : enjeux, compo des Girondins en National 2 dans Bord terrain\" class=\"img-responsive mt-3\"\/><\/p>\n<p class=\"text-center mb-3\" style=\"font-size: 14px\">\u00a9 Iconsport<\/p>\n<p>Suivez l&rsquo;\u00e9mission sur notre site ou sur la <a href=\"https:\/\/www.youtube.com\/watch?v=Cfg8g4TqfE4\" target=\"_blank\" rel=\"noopener nofollow\">cha\u00eene YouTube de WebGirondins<\/a> :\u00a0<\/p>\n<p>Ce navigateur ne supporte pas les iframes<\/p>\n<p style=\"text-align: justify;\">\u00c0 lire &gt;&gt; <strong><a href=\"https:\/\/www.webgirondins.com\/actualite-girondins-le-boavista-fc-de-gerard-lopez-declare-forfait-general-et-menace-de-disparaitre-130989\" target=\"_blank\" rel=\"noopener nofollow\">Le Boavista FC de G\u00e9rard Lopez d\u00e9clare forfait g\u00e9n\u00e9ral et menace de dispara\u00eetre !<\/a><\/strong><\/p>\n<p>Notre podcast court sur l&rsquo;actualit\u00e9 des Girondins :<\/p>\n<p>    <a href=\"https:\/\/www.webgirondins.com\/actualites-categorie-webgirondins-tv-12\" rel=\"nofollow noopener\" target=\"_blank\">#WebGirondins TV<\/a><\/p>\n<p>  COMMENTAIRES<br \/>\n  ()<\/p>\n","protected":false},"excerpt":{"rendered":"01\/11 &#8211; 17:17 | Par Nicolas Pietrelli | Il y a 42 minutes Nous faisons un point complet&hellip;\n","protected":false},"author":2,"featured_media":422746,"comment_status":"","ping_status":"","sticky":false,"template":"","format":"standard","meta":{"footnotes":""},"categories":[2817],"tags":[1111,11,3917,3396,3944,1997,22484,3949,8031,3952,1446,814,8034,3943,2834,3953,1777,674,3947,1011,27,62658,1987,3465,955,3238,12,6752,3946,2219,3948,4789,47643,25,2858,3945],"class_list":{"0":"post-504959","1":"post","2":"type-post","3":"status-publish","4":"format-standard","5":"has-post-thumbnail","7":"category-bordeaux","8":"tag-actu","9":"tag-actualites","10":"tag-avant","11":"tag-avec","12":"tag-bord","13":"tag-bordeaux","14":"tag-chauray","15":"tag-complet","16":"tag-compo","17":"tag-coup","18":"tag-dans","19":"tag-direct","20":"tag-duplex","21":"tag-enjeux","22":"tag-entre","23":"tag-envoi","24":"tag-eu","25":"tag-europe","26":"tag-faisons","27":"tag-fr","28":"tag-france","29":"tag-gailalrd","30":"tag-girondins","31":"tag-journee","32":"tag-match","33":"tag-national","34":"tag-news","35":"tag-niort","36":"tag-nous","37":"tag-nouvelle-aquitaine","38":"tag-point","39":"tag-poule","40":"tag-rene","41":"tag-republique-francaise","42":"tag-stade","43":"tag-terrain"},"share_on_mastodon":{"url":"https:\/\/pubeurope.com\/@fr\/115475511330716844","error":""},"_links":{"self":[{"href":"https:\/\/www.europesays.com\/fr\/wp-json\/wp\/v2\/posts\/504959","targetHints":{"allow":["GET"]}}],"collection":[{"href":"https:\/\/www.europesays.com\/fr\/wp-json\/wp\/v2\/posts"}],"about":[{"href":"https:\/\/www.europesays.com\/fr\/wp-json\/wp\/v2\/types\/post"}],"author":[{"embeddable":true,"href":"https:\/\/www.europesays.com\/fr\/wp-json\/wp\/v2\/users\/2"}],"replies":[{"embeddable":true,"href":"https:\/\/www.europesays.com\/fr\/wp-json\/wp\/v2\/comments?post=504959"}],"version-history":[{"count":0,"href":"https:\/\/www.europesays.com\/fr\/wp-json\/wp\/v2\/posts\/504959\/revisions"}],"wp:featuredmedia":[{"embeddable":true,"href":"https:\/\/www.europesays.com\/fr\/wp-json\/wp\/v2\/media\/422746"}],"wp:attachment":[{"href":"https:\/\/www.europesays.com\/fr\/wp-json\/wp\/v2\/media?parent=504959"}],"wp:term":[{"taxonomy":"category","embeddable":true,"href":"https:\/\/www.europesays.com\/fr\/wp-json\/wp\/v2\/categories?post=504959"},{"taxonomy":"post_tag","embeddable":true,"href":"https:\/\/www.europesays.com\/fr\/wp-json\/wp\/v2\/tags?post=504959"}],"curies":[{"name":"wp","href":"https:\/\/api.w.org\/{rel}","templated":true}]}}