{"id":50496,"date":"2025-04-25T00:43:15","date_gmt":"2025-04-25T00:43:15","guid":{"rendered":"https:\/\/www.europesays.com\/fr\/50496\/"},"modified":"2025-04-25T00:43:15","modified_gmt":"2025-04-25T00:43:15","slug":"derby-les-supporters-de-saint-etienne-rebaptisent-une-ville-de-la-region-lyonnaise-24-04-2025-a-2053","status":"publish","type":"post","link":"https:\/\/www.europesays.com\/fr\/50496\/","title":{"rendered":"Derby : les supporters de Saint-\u00c9tienne rebaptisent une ville de la r\u00e9gion lyonnaise &#8211; 24\/04\/2025 \u00e0 20:53"},"content":{"rendered":"<p>        <img fetchpriority=\"high\" decoding=\"async\" src=\"https:\/\/www.europesays.com\/fr\/wp-content\/uploads\/2025\/04\/a6b7674e967dc6d5b05bbf22a9bad169-760x507.jpg\" alt=\"Derby : les supporters de Saint-\u00c9tienne rebaptisent une ville de la r\u00e9gion lyonnaise\" loading=\"eager\" width=\"760\" height=\"507\" style=\"max-width: 100%!important; height: auto;\"\/><\/p>\n<p class=\"c-image-news__legend\">Derby : les supporters de Saint-\u00c9tienne rebaptisent une ville de la r\u00e9gion lyonnaise<\/p>\n<p>\n Ils sont entr\u00e9s en territoire ennemi.\n<\/p>\n<p>\n Dans la r\u00e9gion Rh\u00f4ne-Alpes, remporter le derby vous fait gagner en s\u00e9r\u00e9nit\u00e9 pour (au moins) six mois. Chez certains supporters, les trois points offrent surtout un courage qui leur permet de chambrer leurs rivaux pendant une p\u00e9riode encore plus longue. La vengeance est bien meilleure quand elle se mange froide et c\u2019est sans doute ce qui a pouss\u00e9 certains St\u00e9phanois \u00e0<br \/>\n <strong><br \/>\n  attendre ce jeudi pour narguer les Lyonnais<br \/>\n <\/strong><br \/>\n , quatre jours apr\u00e8s avoir vu leur \u00e9quipe l\u2019emporter (2-1) dans une soir\u00e9e m\u00e9morable.\u2026\n<\/p>\n<p>\n <strong><br \/>\n  EL pour SOFOOT.com<br \/>\n <\/strong>\n<\/p>\n<p><a data-tag-commander-click=\"{&quot;label&quot;: &quot;articles::lire_la_suite_site_partenaire::so_foot::derby_les_supporters_de_saint_etienne_rebaptisent_une_ville_de_la_region_lyonnaise&quot;, &quot;s2&quot;: 2, &quot;type&quot;: &quot;exit&quot;}\" target=\"_blank\" rel=\"noopener noreferrer canonical nofollow\" class=\"lienExterne c-link c-link--animated u-text-size-lg\" href=\"https:\/\/www.sofoot.com\/breves\/les-supporters-de-saint-etienne-rebaptisent-une-ville-de-la-region-lyonnaise-au-nom-de-stassin-apres-le-derby\">Lire la suite de l&rsquo;article sur SoFoot.com<\/a><\/p>\n","protected":false},"excerpt":{"rendered":"Derby : les supporters de Saint-\u00c9tienne rebaptisent une ville de la r\u00e9gion lyonnaise Ils sont entr\u00e9s en territoire&hellip;\n","protected":false},"author":2,"featured_media":50497,"comment_status":"","ping_status":"","sticky":false,"template":"","format":"standard","meta":{"footnotes":""},"categories":[9653],"tags":[400,1111,11,2430,398,408,405,1777,674,1011,27,403,402,399,404,12,25,4001,401,406,407],"class_list":{"0":"post-50496","1":"post","2":"type-post","3":"status-publish","4":"format-standard","5":"has-post-thumbnail","7":"category-saint-etienne","8":"tag-action-cac-40","9":"tag-actu","10":"tag-actualites","11":"tag-auvergne-rhone-alpes","12":"tag-bourse-de-paris","13":"tag-boursorama","14":"tag-cotations","15":"tag-eu","16":"tag-europe","17":"tag-fr","18":"tag-france","19":"tag-indices-devises","20":"tag-investir","21":"tag-investissement","22":"tag-marche-boursier","23":"tag-news","24":"tag-republique-francaise","25":"tag-saint-etienne","26":"tag-sicav","27":"tag-trackers","28":"tag-warrants"},"share_on_mastodon":{"url":"https:\/\/pubeurope.com\/@fr\/114395834276401162","error":""},"_links":{"self":[{"href":"https:\/\/www.europesays.com\/fr\/wp-json\/wp\/v2\/posts\/50496","targetHints":{"allow":["GET"]}}],"collection":[{"href":"https:\/\/www.europesays.com\/fr\/wp-json\/wp\/v2\/posts"}],"about":[{"href":"https:\/\/www.europesays.com\/fr\/wp-json\/wp\/v2\/types\/post"}],"author":[{"embeddable":true,"href":"https:\/\/www.europesays.com\/fr\/wp-json\/wp\/v2\/users\/2"}],"replies":[{"embeddable":true,"href":"https:\/\/www.europesays.com\/fr\/wp-json\/wp\/v2\/comments?post=50496"}],"version-history":[{"count":0,"href":"https:\/\/www.europesays.com\/fr\/wp-json\/wp\/v2\/posts\/50496\/revisions"}],"wp:featuredmedia":[{"embeddable":true,"href":"https:\/\/www.europesays.com\/fr\/wp-json\/wp\/v2\/media\/50497"}],"wp:attachment":[{"href":"https:\/\/www.europesays.com\/fr\/wp-json\/wp\/v2\/media?parent=50496"}],"wp:term":[{"taxonomy":"category","embeddable":true,"href":"https:\/\/www.europesays.com\/fr\/wp-json\/wp\/v2\/categories?post=50496"},{"taxonomy":"post_tag","embeddable":true,"href":"https:\/\/www.europesays.com\/fr\/wp-json\/wp\/v2\/tags?post=50496"}],"curies":[{"name":"wp","href":"https:\/\/api.w.org\/{rel}","templated":true}]}}