{"id":504960,"date":"2025-11-01T17:00:12","date_gmt":"2025-11-01T17:00:12","guid":{"rendered":"https:\/\/www.europesays.com\/fr\/504960\/"},"modified":"2025-11-01T17:00:12","modified_gmt":"2025-11-01T17:00:12","slug":"ce-quartier-va-bientot-changer","status":"publish","type":"post","link":"https:\/\/www.europesays.com\/fr\/504960\/","title":{"rendered":"ce quartier va bient\u00f4t changer"},"content":{"rendered":"<p>            Par<br \/>\n        <strong><br \/>\n            <a href=\"https:\/\/actu.fr\/auteur\/margot-fournie\" title=\"Consulter tous les articles de Margot Fournie\" rel=\"nofollow noopener\" target=\"_blank\">Margot Fournie<\/a><br \/>\n        <\/strong><\/p>\n<p>        Publi\u00e9 le<\/p>\n<p>            1 nov. 2025 \u00e0 6h42        <\/p>\n<p>La <strong>place Abbal<\/strong> est une des plus vastes que compte <a href=\"https:\/\/actu.fr\/toulouse\/\" rel=\"nofollow noopener\" target=\"_blank\">Toulouse<\/a>. P\u00f4le central du quartier de la Reynerie, elle a fait r\u00e9cemment parler d\u2019elle au travers de <a href=\"https:\/\/actu.fr\/occitanie\/toulouse_31555\/toulouse-excedes-par-un-marche-de-la-misere-sous-leurs-fenetres-des-riverains-lancent-une-petition_63276352.html\" rel=\"nofollow noopener\" target=\"_blank\">son march\u00e9 de la mis\u00e8re<\/a>. Mais elle est aussi en train de se transformer. D\u00e9molition de la dalle, construction de la Cit\u00e9 de la Danse, nouveaux commerces : on fait le point sur tout ce qui va se passer ces prochaines semaines.<\/p>\n<p>De nouveaux commerces d\u2019ici la fin de l\u2019ann\u00e9e<\/p>\n<p class=\" wall-content\">La <a href=\"https:\/\/actu.fr\/occitanie\/toulouse_31555\/toulouse-maison-de-sante-et-residence-inaugurees-dans-ce-quartier-en-pleine-transformation_63224938.html\" rel=\"nofollow noopener\" target=\"_blank\">r\u00e9sidence Germaine Peyroles et la Maison Ouverte de Sant\u00e9<\/a> ont \u00e9t\u00e9 inaugur\u00e9es \u00e0 la fin du mois de septembre. En parall\u00e8le, <a href=\"https:\/\/actu.fr\/occitanie\/toulouse_31555\/toulouse-six-nouveaux-commerces-vont-s-installer-sur-la-vaste-place-de-ce-quartier-en-pleine-transformation_61784215.html\" rel=\"nofollow noopener\" target=\"_blank\">cinq commerces devraient ouvrir \u00e0 la fin de l\u2019ann\u00e9e<\/a>, dont une sup\u00e9rette, deux restaurants, une boulangerie, ainsi qu\u2019un coiffeur. Et le chantier de la <strong>future Cit\u00e9 de la Danse<\/strong>, <a href=\"https:\/\/actu.fr\/occitanie\/toulouse_31555\/toulouse-vieux-de-20-ans-ce-projet-a-rebondissements-redemarre_60869818.html\" rel=\"nofollow noopener\" target=\"_blank\">projet vieux de plus de vingt ans<\/a>, sera prochainement lanc\u00e9.\u00a0<\/p>\n<p>    <a href=\"https:\/\/www.google.com\/maps\/embed?pb=!1m18!1m12!1m3!1d2890.7290209164535!2d1.399817274658534!3d43.570529257776094!2m3!1f0!2f0!3f0!3m2!1i1024!2i768!4f13.1!3m3!1m2!1s0x12aeba4a7ca7496d%3A0x81c23fc6fa2d2fd3!2sPl.%20Andr%C3%A9%20Abbal%2C%2031100%20Toulouse!5e0!3m2!1sfr!2sfr!4v1761914445535!5m2!1sfr!2sfr\" title=\"Ouvrie le lien\" rel=\"nofollow noopener\" target=\"_blank\">Cliquez ici pour visualiser le contenu<\/a><\/p>\n<p>La dalle de la place Abbal doit \u00eatre d\u00e9truite<\/p>\n<p class=\" wall-content\">Avant que le chantier de la Cit\u00e9 de la Danse ne commence, il faudra que le b\u00e2timent accueillant l\u2019ancienne mairie soit d\u00e9truit.<\/p>\n<p class=\" wall-content\">\u00ab\u2009Actuellement <strong>sa d\u00e9construction<\/strong> est <strong>en cours<\/strong>. On travaille avec une association pour voir quels \u00e9l\u00e9ments pourraient \u00eatre remploy\u00e9s dans la future Cit\u00e9. \u00c7a pourrait \u00eatre des faux plafonds, des sanitaires\u2009\u00bb, avance <strong>Ga\u00ebtan Cognard, maire du quartier.<\/strong><\/p>\n<p class=\" wall-content\">L\u2019\u00e9lue reprend en indiquant que \u00ab\u2009la d\u00e9molition de l\u2019autre partie de la dalle, l\u00e0 o\u00f9 se trouve la pharmacie, est<strong> pr\u00e9vue pour f\u00e9vrier<\/strong> <strong>ou mars\u00a02026<\/strong>.\u2009\u00bb<\/p>\n<p>Livraison de la Cit\u00e9 de la Danse dans trois ans<\/p>\n<p class=\" wall-content\">Une fois ces deux \u00e9tapes compl\u00e9t\u00e9es, les travaux de construction de la Cit\u00e9 de la Danse devraient d\u00e9buter <strong>en juin\u00a02026. <\/strong>Ils se termineront en septembre 2028 selon le calendrier pr\u00e9visionnel.<\/p>\n<p>Votre r\u00e9gion, votre actu !<\/p>\n<p>Recevez chaque jour les infos qui comptent pour vous.<\/p>\n<p>\t<a href=\"https:\/\/actu.fr\/newsletter\" class=\"ac-btn ac-btn--corner ac-btn--medium ac-btn--blue800\" rel=\"nofollow noopener\" target=\"_blank\">S&rsquo;incrire<\/a><\/p>\n<p class=\" wall-content\">Le <strong>nouveau b\u00e2timent de 3\u2009200\u00a0m2<\/strong> accueillera le centre de d\u00e9veloppement chor\u00e9graphique national Toulouse Occitanie, la Place de la danse. Dans le d\u00e9tail, il comportera six studios, mais aussi un centre de documentation d\u00e9di\u00e9 \u00e0 la danse, et un espace de transmission du savoir et de m\u00e9diation.<\/p>\n<p>Une fiert\u00e9 pour le quartier de la Reynerie<\/p>\n<p class=\" wall-content\">Cette Cit\u00e9 de la Danse s\u2019inscrit dans le cadre du <a href=\"https:\/\/actu.fr\/occitanie\/toulouse_31555\/toulouse-demolitions-nouveaux-immeubles-commerces-au-mirail-comment-la-reynerie-va-se-transformer_47456752.html\" rel=\"nofollow noopener\" target=\"_blank\">Plan Renouvellement Urbain<\/a> (PRU).<\/p>\n<p class=\" wall-content\">Ga\u00ebtan Cognard souhaite qu\u2019elle puisse \u00ab\u00a0 <strong>donner envie aux Toulousains<\/strong> <strong>de venir<\/strong> dans le quartier. Puis, cette Cit\u00e9, \u00e7a ne sera pas quelque chose qui va juste \u00eatre pos\u00e9 l\u00e0. Elle \u00e9voluera en accord avec les associations et les \u00e9coles locales.\u2009\u00bb<\/p>\n<p class=\" wall-content\">Personnalisez votre actualit\u00e9 en ajoutant vos villes et m\u00e9dias en favori avec <a href=\"https:\/\/moncompte.actu.fr\" title=\"D\u00e9couvez Mon Actu\" rel=\"nofollow noopener\" data-trk=\"{&quot;cta&quot;:{&quot;action&quot;:&quot;https:\\\/\\\/moncompte.actu.fr&quot;,&quot;category&quot;:&quot;mon compte&quot;,&quot;from&quot;:&quot;article footer&quot;,&quot;name&quot;:&quot;Mon actu&quot;,&quot;type&quot;:&quot;cta&quot;}}\" target=\"_blank\">Mon Actu<\/a>.<\/p>\n","protected":false},"excerpt":{"rendered":"Par Margot Fournie Publi\u00e9 le 1 nov. 2025 \u00e0 6h42 La place Abbal est une des plus vastes&hellip;\n","protected":false},"author":2,"featured_media":504961,"comment_status":"","ping_status":"","sticky":false,"template":"","format":"standard","meta":{"footnotes":""},"categories":[2816],"tags":[1111,11,1777,674,1011,27,12,2680,25,104,2312,2086],"class_list":{"0":"post-504960","1":"post","2":"type-post","3":"status-publish","4":"format-standard","5":"has-post-thumbnail","7":"category-toulouse","8":"tag-actu","9":"tag-actualites","10":"tag-eu","11":"tag-europe","12":"tag-fr","13":"tag-france","14":"tag-news","15":"tag-occitanie","16":"tag-republique-francaise","17":"tag-societe","18":"tag-toulouse","19":"tag-travaux"},"share_on_mastodon":{"url":"https:\/\/pubeurope.com\/@fr\/115475514984616652","error":""},"_links":{"self":[{"href":"https:\/\/www.europesays.com\/fr\/wp-json\/wp\/v2\/posts\/504960","targetHints":{"allow":["GET"]}}],"collection":[{"href":"https:\/\/www.europesays.com\/fr\/wp-json\/wp\/v2\/posts"}],"about":[{"href":"https:\/\/www.europesays.com\/fr\/wp-json\/wp\/v2\/types\/post"}],"author":[{"embeddable":true,"href":"https:\/\/www.europesays.com\/fr\/wp-json\/wp\/v2\/users\/2"}],"replies":[{"embeddable":true,"href":"https:\/\/www.europesays.com\/fr\/wp-json\/wp\/v2\/comments?post=504960"}],"version-history":[{"count":0,"href":"https:\/\/www.europesays.com\/fr\/wp-json\/wp\/v2\/posts\/504960\/revisions"}],"wp:featuredmedia":[{"embeddable":true,"href":"https:\/\/www.europesays.com\/fr\/wp-json\/wp\/v2\/media\/504961"}],"wp:attachment":[{"href":"https:\/\/www.europesays.com\/fr\/wp-json\/wp\/v2\/media?parent=504960"}],"wp:term":[{"taxonomy":"category","embeddable":true,"href":"https:\/\/www.europesays.com\/fr\/wp-json\/wp\/v2\/categories?post=504960"},{"taxonomy":"post_tag","embeddable":true,"href":"https:\/\/www.europesays.com\/fr\/wp-json\/wp\/v2\/tags?post=504960"}],"curies":[{"name":"wp","href":"https:\/\/api.w.org\/{rel}","templated":true}]}}