{"id":504962,"date":"2025-11-01T17:01:15","date_gmt":"2025-11-01T17:01:15","guid":{"rendered":"https:\/\/www.europesays.com\/fr\/504962\/"},"modified":"2025-11-01T17:01:15","modified_gmt":"2025-11-01T17:01:15","slug":"ligue-1-apres-deux-matchs-sans-victoire-le-toulouse-fc-veut-renouer-avec-la-victoire-face-au-havre","status":"publish","type":"post","link":"https:\/\/www.europesays.com\/fr\/504962\/","title":{"rendered":"Ligue 1. Apr\u00e8s deux matchs sans victoire, le Toulouse FC veut renouer avec la victoire face au Havre"},"content":{"rendered":"<p>            Par<br \/>\n        <strong><br \/>\n            <a href=\"https:\/\/actu.fr\/auteur\/hugo-hancewicz\" title=\"Consulter tous les articles de Hugo Hancewicz\" target=\"_blank\" rel=\"noopener\">Hugo Hancewicz<\/a><br \/>\n        <\/strong><\/p>\n<p>        Publi\u00e9 le<\/p>\n<p>            1 nov. 2025 \u00e0 17h45        <\/p>\n<p>Retrouver le go\u00fbt du succ\u00e8s. Apr\u00e8s deux rencontres sans victoire, le <a href=\"https:\/\/actu.fr\/tag\/toulouse-football-club-tfc\" target=\"_blank\" rel=\"noopener\">Toulouse Football Club<\/a> <strong>(TFC)<\/strong> jouera une deuxi\u00e8me fois en une semaine face \u00e0 son public du <a href=\"https:\/\/actu.fr\/tag\/stadium-de-toulouse\" target=\"_blank\" rel=\"noopener\">Stadium<\/a>, ce dimanche 2 novembre 2025, \u00e0 l\u2019occasion de la <strong>11e journ\u00e9e de Ligue\u00a01<\/strong>. Face au\u00a0<a href=\"https:\/\/actu.fr\/tag\/havre-ac-hac\" target=\"_blank\" rel=\"noopener\">Havre<\/a>, les Violets auront une belle occasion de repartir de l\u2019avant.<\/p>\n<p>Se maintenir dans le classement<\/p>\n<p class=\" wall-content\">Malgr\u00e9 un nul arrach\u00e9 face au Stade Rennais <strong>(2-2)<\/strong>, les hommes de Carles Martinez Novell ont montr\u00e9 quelques signes d\u2019essoufflement ces derni\u00e8res semaines. Un point pris sur les deux derniers matchs. Un bilan qui n\u2019est certes pas <strong>catastrophique<\/strong>, mais qui pourrait co\u00fbter cher au moment de faire les comptes.<\/p>\n<p class=\" wall-content\">Actuellement 9e avec 14 points (quatre victoires, deux nuls et quatre d\u00e9faites) , le T\u00e9f\u00e9c\u00e9 sait qu\u2019un <strong>faux pas<\/strong> suppl\u00e9mentaire pourrait le faire glisser au classement.<\/p>\n<p class=\" wall-content\"><a href=\"https:\/\/www.instagram.com\/p\/DQbnKSPEYh4\/embed\" title=\"Ouvrir le lien sur Instagram\" target=\"_blank\" rel=\"noopener\">Visualiser le contenu sur Instagram<\/a><\/p>\n<p>Un concurrent direct<\/p>\n<p class=\" wall-content\">En face, Le\u00a0Havre ne viendra pas pour faire de la figuration. Les hommes de Didier Digard surfent sur une belle <strong>dynamique<\/strong>, avec deux victoires cons\u00e9cutives, dont une \u00e0 l\u2019ext\u00e9rieur, sur la pelouse d\u2019Auxerre.<\/p>\n<p class=\" wall-content\">Les Normands pointent \u00e0 la 11e place avec 12 points (trois victoires, trois nuls, quatre d\u00e9faites), juste derri\u00e8re les Toulousains. Autant dire que la rencontre s\u2019annonce serr\u00e9e.<\/p>\n<p>Vid\u00e9os : en ce moment sur Actu<\/p>\n<p class=\" wall-content\">Et quoi de mieux qu\u2019un match au Stadium pour se relancer\u2009? Pour la deuxi\u00e8me fois en une semaine, les Toulousains pourront compter sur le <strong>soutien<\/strong> de leurs supporters, toujours fid\u00e8les au rendez-vous. L\u2019ambiance promet d\u2019\u00eatre au rendez-vous, dans ce dernier week-end des vacances de la <strong>Toussaint<\/strong>, o\u00f9 les tribunes devraient une nouvelle fois se garnir de violet.<\/p>\n<p>Votre r\u00e9gion, votre actu !<\/p>\n<p>Recevez chaque jour les infos qui comptent pour vous.<\/p>\n<p>\t<a href=\"https:\/\/actu.fr\/newsletter\" class=\"ac-btn ac-btn--corner ac-btn--medium ac-btn--blue800\" target=\"_blank\" rel=\"noopener\">S&rsquo;incrire<\/a><\/p>\n<p><strong>Infos pratiques<\/strong><br \/>Toulouse FC \u2013 Le\u00a0Havre<br \/>11e journ\u00e9e de Ligue\u00a01<br \/>Dimanche 2\u00a0novembre \u00e0 17h15<br \/>En direct sur la cha\u00eene\u00a0Ligue\u00a01 +<\/p>\n<p class=\" wall-content\">Personnalisez votre actualit\u00e9 en ajoutant vos villes et m\u00e9dias en favori avec <a href=\"https:\/\/moncompte.actu.fr\" title=\"D\u00e9couvez Mon Actu\" rel=\"nofollow noopener\" data-trk=\"{&quot;cta&quot;:{&quot;action&quot;:&quot;https:\\\/\\\/moncompte.actu.fr&quot;,&quot;category&quot;:&quot;mon compte&quot;,&quot;from&quot;:&quot;article footer&quot;,&quot;name&quot;:&quot;Mon actu&quot;,&quot;type&quot;:&quot;cta&quot;}}\" target=\"_blank\">Mon Actu<\/a>.<\/p>\n<p>                    <script async src=\"\/\/www.instagram.com\/embed.js\"><\/script><\/p>\n","protected":false},"excerpt":{"rendered":"Par Hugo Hancewicz Publi\u00e9 le 1 nov. 2025 \u00e0 17h45 Retrouver le go\u00fbt du succ\u00e8s. Apr\u00e8s deux rencontres&hellip;\n","protected":false},"author":2,"featured_media":472528,"comment_status":"","ping_status":"","sticky":false,"template":"","format":"standard","meta":{"footnotes":""},"categories":[2816],"tags":[1111,11,1777,674,63,1011,27,22565,12,2680,25,60,7906,2312,4159],"class_list":{"0":"post-504962","1":"post","2":"type-post","3":"status-publish","4":"format-standard","5":"has-post-thumbnail","7":"category-toulouse","8":"tag-actu","9":"tag-actualites","10":"tag-eu","11":"tag-europe","12":"tag-football","13":"tag-fr","14":"tag-france","15":"tag-havre-ac-hac","16":"tag-news","17":"tag-occitanie","18":"tag-republique-francaise","19":"tag-sports","20":"tag-stadium-de-toulouse","21":"tag-toulouse","22":"tag-toulouse-football-club-tfc"},"share_on_mastodon":{"url":"https:\/\/pubeurope.com\/@fr\/115475518987467011","error":""},"_links":{"self":[{"href":"https:\/\/www.europesays.com\/fr\/wp-json\/wp\/v2\/posts\/504962","targetHints":{"allow":["GET"]}}],"collection":[{"href":"https:\/\/www.europesays.com\/fr\/wp-json\/wp\/v2\/posts"}],"about":[{"href":"https:\/\/www.europesays.com\/fr\/wp-json\/wp\/v2\/types\/post"}],"author":[{"embeddable":true,"href":"https:\/\/www.europesays.com\/fr\/wp-json\/wp\/v2\/users\/2"}],"replies":[{"embeddable":true,"href":"https:\/\/www.europesays.com\/fr\/wp-json\/wp\/v2\/comments?post=504962"}],"version-history":[{"count":0,"href":"https:\/\/www.europesays.com\/fr\/wp-json\/wp\/v2\/posts\/504962\/revisions"}],"wp:featuredmedia":[{"embeddable":true,"href":"https:\/\/www.europesays.com\/fr\/wp-json\/wp\/v2\/media\/472528"}],"wp:attachment":[{"href":"https:\/\/www.europesays.com\/fr\/wp-json\/wp\/v2\/media?parent=504962"}],"wp:term":[{"taxonomy":"category","embeddable":true,"href":"https:\/\/www.europesays.com\/fr\/wp-json\/wp\/v2\/categories?post=504962"},{"taxonomy":"post_tag","embeddable":true,"href":"https:\/\/www.europesays.com\/fr\/wp-json\/wp\/v2\/tags?post=504962"}],"curies":[{"name":"wp","href":"https:\/\/api.w.org\/{rel}","templated":true}]}}