{"id":504975,"date":"2025-11-01T17:09:19","date_gmt":"2025-11-01T17:09:19","guid":{"rendered":"https:\/\/www.europesays.com\/fr\/504975\/"},"modified":"2025-11-01T17:09:19","modified_gmt":"2025-11-01T17:09:19","slug":"deux-tonnes-de-resine-de-cannabis-saisies-et-des-interpellations-en-region-parisienne-laurent-nunez-salue-une-operation-remarquable","status":"publish","type":"post","link":"https:\/\/www.europesays.com\/fr\/504975\/","title":{"rendered":"Deux tonnes de r\u00e9sine de cannabis saisies et des interpellations en r\u00e9gion parisienne, Laurent Nu\u00f1ez salue \u00ab\u00a0une op\u00e9ration remarquable\u00a0\u00bb"},"content":{"rendered":"<p class=\"paragraph text_align_left lp-f-body-02\">\u00ab On ne baissera pas les bras. \u00bb Le ministre de l\u2019Int\u00e9rieur <a href=\"https:\/\/www.leparisien.fr\/politique\/laurent-nunez\/\" target=\"_blank\" rel=\"noreferrer nofollow noopener\">Laurent Nu\u00f1ez<\/a>, accompagn\u00e9 du <a href=\"https:\/\/www.leparisien.fr\/paris-75\/patrice-faure-directeur-de-cabinet-demmanuel-macron-en-passe-detre-nomme-nouveau-prefet-de-police-de-paris-22-10-2025-4XLXUOCQ2BAS5N2I4PT2AWP4YE.php\" target=\"_blank\" rel=\"noreferrer nofollow noopener\">pr\u00e9fet de police de Paris Patrice Faure<\/a>, a salu\u00e9 ce vendredi 31 octobre une \u00ab op\u00e9ration remarquable \u00bb dans la lutte contre le narcotrafic, avec une dizaine d\u2019interpellations et la saisie de deux tonnes de r\u00e9sine de cannabis.<\/p>\n<p class=\"paragraph text_align_left lp-f-body-02\">\u00ab On m\u00e8ne un combat dans lequel on gagne des batailles. On ne baissera pas les bras \u00bb, a \u00e9crit le ministre de l\u2019Int\u00e9rieur, sur son compte X.<\/p>\n<blockquote class=\"twitter-tweet\">\n<p lang=\"fr\" dir=\"ltr\">Cet apr\u00e8s-midi, je me suis rendu avec le <a href=\"https:\/\/twitter.com\/prefetpolice?ref_src=twsrc%5Etfw\" rel=\"nofollow noopener\" target=\"_blank\">@prefetpolice<\/a> aupr\u00e8s des \u00e9quipes du 3\u1d49 DPJ, de la BRI et de la CAT de la <a href=\"https:\/\/twitter.com\/prefpolice?ref_src=twsrc%5Etfw\" rel=\"nofollow noopener\" target=\"_blank\">@prefpolice<\/a> pour saluer leur action dans la lutte contre le narcotrafic apr\u00e8s une op\u00e9ration remarquable  :<br \/>\u2714\ufe0f une dizaine d\u2019interpellations<br \/>\u2714\ufe0f 2 tonnes de r\u00e9sine de\u2026 <a href=\"https:\/\/t.co\/jCNVAFyhWS\" rel=\"nofollow\">pic.twitter.com\/jCNVAFyhWS<\/a><\/p>\n<p>\u2014 Laurent Nu\u00f1ez (@NunezLaurent) <a href=\"https:\/\/twitter.com\/NunezLaurent\/status\/1984346732818305230?ref_src=twsrc%5Etfw\" rel=\"nofollow noopener\" target=\"_blank\">October 31, 2025<\/a><\/p><\/blockquote>\n<p>Un r\u00e9seau de trafic de stup\u00e9fiants d\u2019\u00cele-de-France<\/p>\n<p class=\"paragraph text_align_left lp-f-body-02\">Selon <a href=\"https:\/\/www.bfmtv.com\/police-justice\/deux-tonnes-de-resines-de-cannabis-laurent-nunez-annonce-une-importante-saisie-de-drogue-en-region-parisienne_AN-202511010127.html\" target=\"_blank\" rel=\"noreferrer nofollow noopener\">BFMTV<\/a>, plus d\u2019un kilo de coca\u00efne a \u00e9t\u00e9 saisi, ainsi que de l\u2019argent liquide et des armes. Ils appartenaient \u00e0 un r\u00e9seau de trafic de stup\u00e9fiants en bande organis\u00e9e en \u00cele-de-France.<\/p>\n<p class=\"paragraph text_align_left lp-f-body-02\">Cela fait plusieurs mois que les policiers enqu\u00eatent sur ce r\u00e9seau de trafic de stup\u00e9fiants qui se d\u00e9roule entre le <a href=\"https:\/\/www.leparisien.fr\/sports\/football\/il-y-a-des-talents-partout-comment-le-maroc-est-devenu-lun-des-meilleurs-pays-de-la-planete-football-17-10-2025-QDH4XK6O2REPDLN5P4SGRSZVSI.php\" target=\"_blank\" rel=\"noreferrer nofollow noopener\">Maroc<\/a>, l\u2019Espagne et la France. L\u2019op\u00e9ration de police, salu\u00e9e par le ministre de l\u2019Int\u00e9rieur, s\u2019est d\u00e9roul\u00e9e en d\u00e9but de semaine dans l\u2019Essonne, pr\u00e9cise <a href=\"https:\/\/www.franceinfo.fr\/societe\/drogue\/a-paris-quasiment-deux-tonnes-de-resine-de-cannabis-saisies-lors-d-une-operation-policiere-une-dizaine-de-personnes-en-garde-a-vue_7587494.html\" target=\"_blank\" rel=\"noreferrer nofollow noopener\">France Inter<\/a>.<\/p>\n<p class=\"paragraph text_align_left lp-f-body-02\">Selon cette m\u00eame source, les suspects sont originaires de d\u00e9partements situ\u00e9s autour de Paris. En garde \u00e0 vue, ils vont \u00eatre d\u00e9f\u00e9r\u00e9s ce samedi devant des magistrats de la Jirs (juridiction interr\u00e9gionale sp\u00e9cialis\u00e9e).<\/p>\n<p><script async src=\"https:\/\/platform.twitter.com\/widgets.js\" charset=\"utf-8\"><\/script><\/p>\n","protected":false},"excerpt":{"rendered":"\u00ab On ne baissera pas les bras. \u00bb Le ministre de l\u2019Int\u00e9rieur Laurent Nu\u00f1ez, accompagn\u00e9 du pr\u00e9fet de&hellip;\n","protected":false},"author":2,"featured_media":504976,"comment_status":"","ping_status":"","sticky":false,"template":"","format":"standard","meta":{"footnotes":""},"categories":[1592],"tags":[1111,11,1777,674,118,1011,27,662,1944,12,626,25],"class_list":{"0":"post-504975","1":"post","2":"type-post","3":"status-publish","4":"format-standard","5":"has-post-thumbnail","7":"category-ile-de-france","8":"tag-actu","9":"tag-actualites","10":"tag-eu","11":"tag-europe","12":"tag-faits-divers","13":"tag-fr","14":"tag-france","15":"tag-ile-de-france","16":"tag-ma-ville","17":"tag-news","18":"tag-paris","19":"tag-republique-francaise"},"share_on_mastodon":{"url":"https:\/\/pubeurope.com\/@fr\/115475550302727276","error":""},"_links":{"self":[{"href":"https:\/\/www.europesays.com\/fr\/wp-json\/wp\/v2\/posts\/504975","targetHints":{"allow":["GET"]}}],"collection":[{"href":"https:\/\/www.europesays.com\/fr\/wp-json\/wp\/v2\/posts"}],"about":[{"href":"https:\/\/www.europesays.com\/fr\/wp-json\/wp\/v2\/types\/post"}],"author":[{"embeddable":true,"href":"https:\/\/www.europesays.com\/fr\/wp-json\/wp\/v2\/users\/2"}],"replies":[{"embeddable":true,"href":"https:\/\/www.europesays.com\/fr\/wp-json\/wp\/v2\/comments?post=504975"}],"version-history":[{"count":0,"href":"https:\/\/www.europesays.com\/fr\/wp-json\/wp\/v2\/posts\/504975\/revisions"}],"wp:featuredmedia":[{"embeddable":true,"href":"https:\/\/www.europesays.com\/fr\/wp-json\/wp\/v2\/media\/504976"}],"wp:attachment":[{"href":"https:\/\/www.europesays.com\/fr\/wp-json\/wp\/v2\/media?parent=504975"}],"wp:term":[{"taxonomy":"category","embeddable":true,"href":"https:\/\/www.europesays.com\/fr\/wp-json\/wp\/v2\/categories?post=504975"},{"taxonomy":"post_tag","embeddable":true,"href":"https:\/\/www.europesays.com\/fr\/wp-json\/wp\/v2\/tags?post=504975"}],"curies":[{"name":"wp","href":"https:\/\/api.w.org\/{rel}","templated":true}]}}