{"id":504979,"date":"2025-11-01T17:11:15","date_gmt":"2025-11-01T17:11:15","guid":{"rendered":"https:\/\/www.europesays.com\/fr\/504979\/"},"modified":"2025-11-01T17:11:15","modified_gmt":"2025-11-01T17:11:15","slug":"4-bulgares-sont-condamnes-pour-avoir-vandalise-le-memorial-de-la-shoah-a-paris","status":"publish","type":"post","link":"https:\/\/www.europesays.com\/fr\/504979\/","title":{"rendered":"4 Bulgares sont condamn\u00e9s pour avoir vandalis\u00e9 le M\u00e9morial de la Shoah \u00e0 Paris"},"content":{"rendered":"<p class=\"mb-4 text-lg md:leading-8 break-words\">Quatre Bulgares ont \u00e9t\u00e9 condamn\u00e9s \u00e0 des peines d&#8217;emprisonnement de deux \u00e0 quatre ans pour leur implication dans un acte de vandalisme contre le M\u00e9morial de la Shoah.<\/p>\n<p class=\"mb-4 text-lg md:leading-8 break-words\">Les services de renseignement fran\u00e7ais ont li\u00e9 ce vandalisme \u00e0 une campagne de d\u00e9stabilisation men\u00e9e par la Russie sur le territoire de l&rsquo;Hexagone.<\/p>\n<p class=\"mb-4 text-lg md:leading-8 break-words\">La 14e chambre du tribunal correctionnel de Paris a prononc\u00e9 une peine de deux ans de prison \u00e0 Georgi Filipov et \u00e0 Kiril Milushev, qui avaient reconnu leur r\u00f4le dans le vandalisme. Une peine d&#8217;emprisonnement de quatre ans a \u00e9t\u00e9 prononc\u00e9e contre Nikola\u00ef Ivanov, accus\u00e9 de les avoir recrut\u00e9s. Le pr\u00e9tendu chef de la bande, Mircho Angelov, toujours en fuite, a \u00e9t\u00e9 condamn\u00e9 \u00e0 trois ans de prison.<\/p>\n<p class=\"mb-4 text-lg md:leading-8 break-words\">Environ 500 mains rouges avaient \u00e9t\u00e9 peintes l&rsquo;an dernier dans la r\u00e9gion parisienne, notamment sur le Mur des Justes, qui honore les personnes ayant secouru des Juifs pendant la Seconde Guerre mondiale, au M\u00e9morial de la Shoah, \u00e0 Paris.<\/p>\n<p class=\"mb-4 text-lg md:leading-8 break-words\">Dans un premier temps, ce vandalisme \u00e9tait per\u00e7u comme des actes de protestation contre la guerre dans la bande de Gaza qui a men\u00e9 \u00e0 une recrudescence des incidents antis\u00e9mites et des tensions en Europe.<\/p>\n<p class=\"mb-4 text-lg md:leading-8 break-words\">Les services de renseignement fran\u00e7ais soutiennent que cette campagne \u00e9tait en fait une strat\u00e9gie men\u00e9e par la Russie afin de diviser l&rsquo;opinion publique, d&rsquo;alourdir les tensions sociales et de propager de fausses informations, selon des documents judiciaires. Au cours des derni\u00e8res ann\u00e9es, les gouvernements europ\u00e9ens ont accus\u00e9 la Russie de mener une campagne de sabotage, notamment en payant des individus pour commettre du vandalisme, de provoquer des incendies et des attentats \u00e0 la bombe.<\/p>\n<p class=\"mb-4 text-lg md:leading-8 break-words\">La cour a indiqu\u00e9 que cet acte faisait partie d&rsquo;une campagne coordonn\u00e9e d&rsquo;ing\u00e9rence \u00e9trang\u00e8re destin\u00e9e \u00e0 attiser les tensions en France. Toutefois, cela ne diminue en rien les responsabilit\u00e9s individuelles. Elle a constat\u00e9 le s\u00e9rieux d&rsquo;un crime qui avait pris pour cible un lieu ayant une grande importance historique.<\/p>\n<p class=\"mb-4 text-lg md:leading-8 break-words\">Parmi les plaignants figuraient le M\u00e9morial de la Shoah de Paris et la Ligue internationale contre le racisme et l&rsquo;antis\u00e9mitisme.<\/p>\n<p class=\"mb-4 text-lg md:leading-8 break-words\">Au cours du proc\u00e8s, Filipov et Milushev ont exprim\u00e9 des regrets, expliquant avoir \u00e9t\u00e9 pay\u00e9 par Angelov pour couvrir le Mur des Justes de mains rouges et de filmer la sc\u00e8ne.<\/p>\n<p class=\"mb-4 text-lg md:leading-8 break-words\">Ivanov a ni\u00e9 toute responsabilit\u00e9. Il a dit qu&rsquo;il leur avait achet\u00e9 des billets d&rsquo;avion et d&rsquo;autobus et une chambre d&rsquo;h\u00f4tel \u00e0 Paris \u00e0 la demande d&rsquo;Angelov. Il a ajout\u00e9 qu&rsquo;il avait des sentiments prorusses.<\/p>\n<p class=\"mb-4 text-lg md:leading-8 break-words\">Nicolas Vaux-montagny, The Associated Press<\/p>\n","protected":false},"excerpt":{"rendered":"Quatre Bulgares ont \u00e9t\u00e9 condamn\u00e9s \u00e0 des peines d&#8217;emprisonnement de deux \u00e0 quatre ans pour leur implication dans&hellip;\n","protected":false},"author":2,"featured_media":504980,"comment_status":"","ping_status":"","sticky":false,"template":"","format":"standard","meta":{"footnotes":""},"categories":[1888],"tags":[24791,1111,1928,11,1927,1777,674,1011,27,17056,12,1926,626,1925,62659,25,36500,34787],"class_list":{"0":"post-504979","1":"post","2":"type-post","3":"status-publish","4":"format-standard","5":"has-post-thumbnail","7":"category-paris","8":"tag-acte-de-vandalisme","9":"tag-actu","10":"tag-actu-paris","11":"tag-actualites","12":"tag-actualites-paris","13":"tag-eu","14":"tag-europe","15":"tag-fr","16":"tag-france","17":"tag-memorial-de-la-shoah","18":"tag-news","19":"tag-news-paris","20":"tag-paris","21":"tag-paris-news","22":"tag-peines-demprisonnement","23":"tag-republique-francaise","24":"tag-services-de-renseignement","25":"tag-tribunal-correctionnel-de-paris"},"share_on_mastodon":{"url":"https:\/\/pubeurope.com\/@fr\/115475558140481292","error":""},"_links":{"self":[{"href":"https:\/\/www.europesays.com\/fr\/wp-json\/wp\/v2\/posts\/504979","targetHints":{"allow":["GET"]}}],"collection":[{"href":"https:\/\/www.europesays.com\/fr\/wp-json\/wp\/v2\/posts"}],"about":[{"href":"https:\/\/www.europesays.com\/fr\/wp-json\/wp\/v2\/types\/post"}],"author":[{"embeddable":true,"href":"https:\/\/www.europesays.com\/fr\/wp-json\/wp\/v2\/users\/2"}],"replies":[{"embeddable":true,"href":"https:\/\/www.europesays.com\/fr\/wp-json\/wp\/v2\/comments?post=504979"}],"version-history":[{"count":0,"href":"https:\/\/www.europesays.com\/fr\/wp-json\/wp\/v2\/posts\/504979\/revisions"}],"wp:featuredmedia":[{"embeddable":true,"href":"https:\/\/www.europesays.com\/fr\/wp-json\/wp\/v2\/media\/504980"}],"wp:attachment":[{"href":"https:\/\/www.europesays.com\/fr\/wp-json\/wp\/v2\/media?parent=504979"}],"wp:term":[{"taxonomy":"category","embeddable":true,"href":"https:\/\/www.europesays.com\/fr\/wp-json\/wp\/v2\/categories?post=504979"},{"taxonomy":"post_tag","embeddable":true,"href":"https:\/\/www.europesays.com\/fr\/wp-json\/wp\/v2\/tags?post=504979"}],"curies":[{"name":"wp","href":"https:\/\/api.w.org\/{rel}","templated":true}]}}