{"id":504989,"date":"2025-11-01T17:16:13","date_gmt":"2025-11-01T17:16:13","guid":{"rendered":"https:\/\/www.europesays.com\/fr\/504989\/"},"modified":"2025-11-01T17:16:13","modified_gmt":"2025-11-01T17:16:13","slug":"les-etats-unis-boudent-la-cop30-en-amazonie","status":"publish","type":"post","link":"https:\/\/www.europesays.com\/fr\/504989\/","title":{"rendered":"Les \u00c9tats-Unis boudent la COP30 en Amazonie"},"content":{"rendered":"<p>Les \u00c9tats-Unis de Donald Trump boudent la COP30. Ils n&rsquo;enverront pas de \u00ab\u2009repr\u00e9sentants de haut niveau\u2009\u00bb \u00e0 la grand-messe climatique annuelle de l&rsquo;ONU qui s&rsquo;ouvre le 10 novembre \u00e0 Belem, au Br\u00e9sil, a indiqu\u00e9 la Maison Blanche samedi.<\/p>\n<p>Donald Trump, qui a qualifi\u00e9 le changement climatique de \u00ab\u2009plus grande arnaque jamais men\u00e9e\u2009\u00bb et brocard\u00e9 la science du climat \u00e0 la tribune de l&rsquo;Assembl\u00e9e g\u00e9n\u00e9rale de l&rsquo;ONU il y a quelques semaines, ne pr\u00e9voit pas de s&rsquo;y rendre. Et les Etats-Unis n&rsquo;enverront pas \u00ab\u2009de repr\u00e9sentants de haut niveau \u00e0 la COP30\u2009\u00bb, a d\u00e9clar\u00e9 un responsable de la Maison Blanche, expliquant que \u00ab\u2009le pr\u00e9sident dialogue directement avec les dirigeants du monde entier sur les questions d&rsquo;\u00e9nergie, comme en t\u00e9moignent les accords commerciaux et les accords de paix historiques qui accordent tous une place importante aux partenariats \u00e9nerg\u00e9tiques\u2009\u00bb.<\/p>\n","protected":false},"excerpt":{"rendered":"Les \u00c9tats-Unis de Donald Trump boudent la COP30. Ils n&rsquo;enverront pas de \u00ab\u2009repr\u00e9sentants de haut niveau\u2009\u00bb \u00e0 la&hellip;\n","protected":false},"author":2,"featured_media":504990,"comment_status":"","ping_status":"","sticky":false,"template":"","format":"standard","meta":{"footnotes":""},"categories":[1589],"tags":[17,11,8466,62660,1129,53082,73,1866,151,12,1864,1865,1863,308],"class_list":{"0":"post-504989","1":"post","2":"type-post","3":"status-publish","4":"format-standard","5":"has-post-thumbnail","7":"category-etats-unis","8":"tag-17","9":"tag-actualites","10":"tag-amazonie","11":"tag-boudent","12":"tag-climat","13":"tag-cop30","14":"tag-etats-unis","15":"tag-etats-unis-damerique","16":"tag-les","17":"tag-news","18":"tag-united-states","19":"tag-united-states-of-america","20":"tag-us","21":"tag-usa"},"share_on_mastodon":{"url":"https:\/\/pubeurope.com\/@fr\/115475578117665890","error":""},"_links":{"self":[{"href":"https:\/\/www.europesays.com\/fr\/wp-json\/wp\/v2\/posts\/504989","targetHints":{"allow":["GET"]}}],"collection":[{"href":"https:\/\/www.europesays.com\/fr\/wp-json\/wp\/v2\/posts"}],"about":[{"href":"https:\/\/www.europesays.com\/fr\/wp-json\/wp\/v2\/types\/post"}],"author":[{"embeddable":true,"href":"https:\/\/www.europesays.com\/fr\/wp-json\/wp\/v2\/users\/2"}],"replies":[{"embeddable":true,"href":"https:\/\/www.europesays.com\/fr\/wp-json\/wp\/v2\/comments?post=504989"}],"version-history":[{"count":0,"href":"https:\/\/www.europesays.com\/fr\/wp-json\/wp\/v2\/posts\/504989\/revisions"}],"wp:featuredmedia":[{"embeddable":true,"href":"https:\/\/www.europesays.com\/fr\/wp-json\/wp\/v2\/media\/504990"}],"wp:attachment":[{"href":"https:\/\/www.europesays.com\/fr\/wp-json\/wp\/v2\/media?parent=504989"}],"wp:term":[{"taxonomy":"category","embeddable":true,"href":"https:\/\/www.europesays.com\/fr\/wp-json\/wp\/v2\/categories?post=504989"},{"taxonomy":"post_tag","embeddable":true,"href":"https:\/\/www.europesays.com\/fr\/wp-json\/wp\/v2\/tags?post=504989"}],"curies":[{"name":"wp","href":"https:\/\/api.w.org\/{rel}","templated":true}]}}